{"id":8181,"date":"2026-01-24T11:17:20","date_gmt":"2026-01-24T11:17:20","guid":{"rendered":"https:\/\/noticias.centromariodionisio.org\/?p=8181"},"modified":"2026-01-24T11:17:21","modified_gmt":"2026-01-24T11:17:21","slug":"maria-alzira-seixo-1941-2026","status":"publish","type":"post","link":"http:\/\/noticias.centromariodionisio.org\/?p=8181","title":{"rendered":"Maria Alzira Seixo (1941-2026)"},"content":{"rendered":"\n<figure class=\"wp-block-image size-full is-resized\"><a href=\"https:\/\/noticias.centromariodionisio.org\/wp-content\/uploads\/MAS.jpg\"><img decoding=\"async\" loading=\"lazy\" src=\"https:\/\/noticias.centromariodionisio.org\/wp-content\/uploads\/MAS.jpg\" alt=\"\" class=\"wp-image-8182\" width=\"386\" height=\"319\" srcset=\"http:\/\/noticias.centromariodionisio.org\/wp-content\/uploads\/MAS.jpg 844w, http:\/\/noticias.centromariodionisio.org\/wp-content\/uploads\/MAS-300x249.jpg 300w, http:\/\/noticias.centromariodionisio.org\/wp-content\/uploads\/MAS-768x637.jpg 768w\" sizes=\"(max-width: 386px) 100vw, 386px\" \/><\/a><\/figure>\n\n\n\n<p>Maria Alzira Seixo, s\u00f3cia-fundadora da Casa da Achada \u2013 Centro M\u00e1rio Dion\u00edsio e professora da Faculdade de Letras da Universidade de Lisboa, deixou-nos no dia 20 de Janeiro. Foi aluna de M\u00e1rio Dion\u00edsio e escreveu sobre a sua obra liter\u00e1ria, tendo participado em v\u00e1rias conversas e sess\u00f5es na Casa da Achada.<\/p>\n\n\n\n<p>Participou activamente na associa\u00e7\u00e3o desde o seu in\u00edcio, integrando o primeiro Conselho Consultivo e dando apoio no arquivo do esp\u00f3lio liter\u00e1rio depositado no Centro de Documenta\u00e7\u00e3o M\u00e1rio Dion\u00edsio \u2013 Maria Let\u00edcia Clemente da Silva.<\/p>\n\n\n\n<p>Foram v\u00e1rias as sess\u00f5es p\u00fablicas na Casa da Achada em que marcou presen\u00e7a. Na rubrica \u00abM\u00e1rio Dion\u00edsio, escritor\u00bb, falou sobre <em>Mon\u00f3logo a duas vozes<\/em>, e, no primeiro semestre de 2013, organizou seis sess\u00f5es sobre as v\u00e1rias facetas da obra liter\u00e1ria de M\u00e1rio Dion\u00edsio. Noutras conversas da Casa da Achada, falou sobre Alves Redol, Augusto Abelaira e Vitorino Nem\u00e9sio.<\/p>\n\n\n\n<p>Integrou, ainda, as comiss\u00f5es organizadora e editorial do Congresso Internacional M\u00e1rio Dion\u00edsio \u2013 \u00abComo uma pedra no sil\u00eancio\u2026\u00bb, em 2016, do qual foi uma das principais impulsionadoras. Fora da Casa da Achada, organizou ainda o curso \u00abM\u00e3os que constroem sonhos\u00bb sobre M\u00e1rio Dion\u00edsio, no Museu do Neo-Realismo, em Vila Franca de Xira.<\/p>\n\n\n\n<p>Nas edi\u00e7\u00f5es da CACMD, escreveu a introdu\u00e7\u00e3o da reedi\u00e7\u00e3o de <em>Conflito e unidade da arte contempor\u00e2nea<\/em>, de M\u00e1rio Dion\u00edsio, contribuiu com os textos \u00abPensar <em>A Paleta e o Mundo<\/em> \u2013 Notas para um estudo\u00bb, em <em>M\u00e1rio Dion\u00edsio \u2013 Vida e obra<\/em>, e \u00abPela Arte \u00e9 que vamos! Uma palavra sobre Educa\u00e7\u00e3o\u00bb, em <em>M\u00e1scaras, pris\u00f5es, liberdades e cifr\u00f5es<\/em>.<\/p>\n\n\n\n<p>Sobre M\u00e1rio Dion\u00edsio ainda escreveu \u00abDizer, na rela\u00e7\u00e3o de criar, foi, parece-nos, o essencial da actividade deste escritor, que sempre lidou com imagens, as da vis\u00e3o do mundo e as da sua express\u00e3o, as da configura\u00e7\u00e3o alienante e as de uma poss\u00edvel abertura de horizontes bloqueados. Da\u00ed que a sua preocupa\u00e7\u00e3o cultural fosse sempre constante, e que o seu trabalho da palavra arriscasse sentidos que a procura do rigor e da nitidez n\u00e3o afastavam da perplexidade e da d\u00favida.\u00bb (<a rel=\"noreferrer noopener\" href=\"https:\/\/centromariodionisio.org\/maria_seixo.php\" target=\"_blank\"><em>\u00abN\u00e3o h\u00e1 Morte nem Pr\u00edncipio\u00bb &#8211; a prop\u00f3sito da vida e obra de M\u00e1rio Dion\u00edsio<\/em>, Biblioteca-Museu Rep\u00fablica e Resist\u00eancia, 1996<\/a>)<\/p>\n\n\n\n<p>O contributo que Maria Alzira Seixo nos deixa, principalmente nos primeiros dez anos da Casa da Achada, est\u00e1 dispon\u00edvel e voltaremos a ele.<\/p>\n","protected":false},"excerpt":{"rendered":"<p>Maria Alzira Seixo, s\u00f3cia-fundadora da Casa da Achada \u2013 Centro M\u00e1rio Dion\u00edsio e professora da Faculdade de Letras da Universidade de Lisboa, deixou-nos no dia 20 de Janeiro. Foi aluna de M\u00e1rio Dion\u00edsio e escreveu sobre a sua obra liter\u00e1ria, tendo participado em v\u00e1rias conversas e sess\u00f5es na Casa da Achada. Participou activamente na associa\u00e7\u00e3o [&hellip;]<\/p>\n","protected":false},"author":1,"featured_media":0,"comment_status":"open","ping_status":"open","sticky":false,"template":"","format":"standard","meta":[],"categories":[1],"tags":[],"_links":{"self":[{"href":"http:\/\/noticias.centromariodionisio.org\/index.php?rest_route=\/wp\/v2\/posts\/8181"}],"collection":[{"href":"http:\/\/noticias.centromariodionisio.org\/index.php?rest_route=\/wp\/v2\/posts"}],"about":[{"href":"http:\/\/noticias.centromariodionisio.org\/index.php?rest_route=\/wp\/v2\/types\/post"}],"author":[{"embeddable":true,"href":"http:\/\/noticias.centromariodionisio.org\/index.php?rest_route=\/wp\/v2\/users\/1"}],"replies":[{"embeddable":true,"href":"http:\/\/noticias.centromariodionisio.org\/index.php?rest_route=%2Fwp%2Fv2%2Fcomments&post=8181"}],"version-history":[{"count":1,"href":"http:\/\/noticias.centromariodionisio.org\/index.php?rest_route=\/wp\/v2\/posts\/8181\/revisions"}],"predecessor-version":[{"id":8183,"href":"http:\/\/noticias.centromariodionisio.org\/index.php?rest_route=\/wp\/v2\/posts\/8181\/revisions\/8183"}],"wp:attachment":[{"href":"http:\/\/noticias.centromariodionisio.org\/index.php?rest_route=%2Fwp%2Fv2%2Fmedia&parent=8181"}],"wp:term":[{"taxonomy":"category","embeddable":true,"href":"http:\/\/noticias.centromariodionisio.org\/index.php?rest_route=%2Fwp%2Fv2%2Fcategories&post=8181"},{"taxonomy":"post_tag","embeddable":true,"href":"http:\/\/noticias.centromariodionisio.org\/index.php?rest_route=%2Fwp%2Fv2%2Ftags&post=8181"}],"curies":[{"name":"wp","href":"https:\/\/api.w.org\/{rel}","templated":true}]}}