{"id":81,"date":"2009-08-11T15:27:05","date_gmt":"2009-08-11T14:27:05","guid":{"rendered":"http:\/\/noticias.centromariodionisio.org\/?p=81"},"modified":"2009-11-25T18:33:05","modified_gmt":"2009-11-25T17:33:05","slug":"confirmada-a-participacao-de-gente-que-vem-de-longe-e-vai-para-muito-longe-na-abertura-da-casa-da-achada","status":"publish","type":"post","link":"http:\/\/noticias.centromariodionisio.org\/?p=81","title":{"rendered":"Confirmada a participa\u00e7\u00e3o de gente que vem de longe (e vai para muito longe) na abertura da Casa da Achada"},"content":{"rendered":"<p>Uma d\u00fazia de pessoas, muitas delas da <a href=\"http:\/\/www.legadicultura.it\" target=\"_blank\">Lega di Cultura di Piadena <\/a>\u00a0vir\u00e1 de It\u00e1lia participar na Semana de Abertura da Casa da Achada \u2013 Centro M\u00e1rio Dion\u00edsio.<\/p>\n<p>Ser\u00e1 projectado <a href=\"http:\/\/www.legadicultura.it\/testi\/film.htm\" target=\"_blank\">o \u00faltimo document\u00e1rio<\/a> de Giuseppe Morandi e Gianfranco Azzali, <a href=\"http:\/\/www.legadicultura.it\/testi\/statuto.asp\" target=\"_blank\">fundadores da Lega di Cultura<\/a>, que participar\u00e3o num debate sobre os problemas dos realismos, que partir\u00e1 de um interven\u00e7\u00e3o de Peter Kammerer, professor jubilado de sociologia da Faculdade de Letras e Filosofia da Universidade de Urbino.<\/p>\n<p>Giuseppe Morandi e Gianfranco Azzali (que tamb\u00e9m estar\u00e3o presentes numa sess\u00e3o de document\u00e1rios seus na Cinemateca na noite de 1 de Outubro), participar\u00e3o ainda, assim como a actriz Graziella Galvani, na apresenta\u00e7\u00e3o do 1\u00ba Ciclo de Cinema da Casa da Achada, o neo-realismo italiano, que se inicia com a projec\u00e7\u00e3o de \u00abLa Terra Trema\u00bb de Luchino Visconti.<\/p>\n<p>O grupo coral da Lega di Cultura di Piadena, <a href=\"http:\/\/www.legadicultura.it\/testi\/musica.htm\" target=\"_blank\">I Giorni Cantati<\/a>, refor\u00e7ado por dois cantores populares de Brescia, cantar\u00e1 num sarau de leituras de textos de M\u00e1rio Dion\u00edsio e de cantos populares com Hist\u00f3ria, assim como no encerramento da Semana de Abertura, no dia 5 de Outubro, dia em que a Rep\u00fablica portuguesa faz 99 anos.\u00a0\u00a0<\/p>\n<p>Tamb\u00e9m est\u00e1 confirmada a vinda de <a href=\"http:\/\/www.myspace.com\/margaridaguia\" target=\"_blank\">Margarida Guia<\/a>, actriz luso-francesa, que se encarregar\u00e1 de ler poemas de M\u00e1rio Dion\u00edsio pelas ruas, alguns deles em franc\u00eas, e de uma oficina para crian\u00e7as do bairro.<\/p>\n<p>O programa completo da Semana de Abertura (29 de Setembro a 5 de Outubro) ser\u00e1 divulgado em breve.<\/p>\n","protected":false},"excerpt":{"rendered":"<p>Uma d\u00fazia de pessoas, muitas delas da Lega di Cultura di Piadena \u00a0vir\u00e1 de It\u00e1lia participar na Semana de Abertura da Casa da Achada \u2013 Centro M\u00e1rio Dion\u00edsio. Ser\u00e1 projectado o \u00faltimo document\u00e1rio de Giuseppe Morandi e Gianfranco Azzali, fundadores da Lega di Cultura, que participar\u00e3o num debate sobre os problemas dos realismos, que partir\u00e1 [&hellip;]<\/p>\n","protected":false},"author":1,"featured_media":0,"comment_status":"open","ping_status":"closed","sticky":false,"template":"","format":"standard","meta":[],"categories":[5],"tags":[],"_links":{"self":[{"href":"http:\/\/noticias.centromariodionisio.org\/index.php?rest_route=\/wp\/v2\/posts\/81"}],"collection":[{"href":"http:\/\/noticias.centromariodionisio.org\/index.php?rest_route=\/wp\/v2\/posts"}],"about":[{"href":"http:\/\/noticias.centromariodionisio.org\/index.php?rest_route=\/wp\/v2\/types\/post"}],"author":[{"embeddable":true,"href":"http:\/\/noticias.centromariodionisio.org\/index.php?rest_route=\/wp\/v2\/users\/1"}],"replies":[{"embeddable":true,"href":"http:\/\/noticias.centromariodionisio.org\/index.php?rest_route=%2Fwp%2Fv2%2Fcomments&post=81"}],"version-history":[{"count":4,"href":"http:\/\/noticias.centromariodionisio.org\/index.php?rest_route=\/wp\/v2\/posts\/81\/revisions"}],"predecessor-version":[{"id":83,"href":"http:\/\/noticias.centromariodionisio.org\/index.php?rest_route=\/wp\/v2\/posts\/81\/revisions\/83"}],"wp:attachment":[{"href":"http:\/\/noticias.centromariodionisio.org\/index.php?rest_route=%2Fwp%2Fv2%2Fmedia&parent=81"}],"wp:term":[{"taxonomy":"category","embeddable":true,"href":"http:\/\/noticias.centromariodionisio.org\/index.php?rest_route=%2Fwp%2Fv2%2Fcategories&post=81"},{"taxonomy":"post_tag","embeddable":true,"href":"http:\/\/noticias.centromariodionisio.org\/index.php?rest_route=%2Fwp%2Fv2%2Ftags&post=81"}],"curies":[{"name":"wp","href":"https:\/\/api.w.org\/{rel}","templated":true}]}}