{"id":664,"date":"2010-02-12T17:23:15","date_gmt":"2010-02-12T16:23:15","guid":{"rendered":"http:\/\/noticias.centromariodionisio.org\/?p=664"},"modified":"2010-02-12T17:23:15","modified_gmt":"2010-02-12T16:23:15","slug":"a-leitura-colectiva-da-paleta-e-o-mundo-continua","status":"publish","type":"post","link":"http:\/\/noticias.centromariodionisio.org\/?p=664","title":{"rendered":"A leitura colectiva d&#8217;A Paleta e o Mundo continua"},"content":{"rendered":"<p>Na pr\u00f3xima segunda-feira, tal como em <strong>todas as segundas-feiras, \u00e0s 18h30<\/strong>, continua a <strong><a href=\"http:\/\/noticias.centromariodionisio.org\/?p=303\" target=\"_blank\">leitura colectiva<\/a> d&#8217;<\/strong><em><strong>A Paleta e o Mundo<\/strong>, <\/em>de M\u00e1rio Dion\u00edsio. Acab\u00e1mos o 5\u00ba cap\u00edtulo da 2\u00aa parte, que foi lido por Jos\u00e9 Manuel Mendes, e avan\u00e7amos agora para o 6\u00ba &#8211; \u00abOutros homens outros temas\u00bb, sobre Daumier -, que ser\u00e1 lido por Diana Dion\u00edsio.<\/p>\n<p>As leituras, que duram sensivelmente uma hora em cada sess\u00e3o,\u00a0s\u00e3o interrompidas por coment\u00e1rios e\u00a0explica\u00e7\u00f5es, e s\u00e3o projectadas\u00a0as reprodu\u00e7\u00f5es das obras referidas no texto.<\/p>\n<p style=\"text-align: center;\"><a href=\"http:\/\/noticias.centromariodionisio.org\/wp-content\/uploads\/daumier.jpg\"><img decoding=\"async\" loading=\"lazy\" class=\"size-full wp-image-665  aligncenter\" title=\"daumier\" src=\"http:\/\/noticias.centromariodionisio.org\/wp-content\/uploads\/daumier.jpg\" alt=\"daumier\" width=\"259\" height=\"202\" srcset=\"http:\/\/noticias.centromariodionisio.org\/wp-content\/uploads\/daumier.jpg 370w, http:\/\/noticias.centromariodionisio.org\/wp-content\/uploads\/daumier-300x233.jpg 300w\" sizes=\"(max-width: 259px) 100vw, 259px\" \/><\/a><\/p>\n<p style=\"text-align: center;\">pintura de Daumier<\/p>\n<p><strong>SOBRE A PALETA E O MUNDO<\/strong><\/p>\n<p><strong>Desta obra que levou mais de dez anos a escrever e que, publicada em fasc\u00edculos, deu origem a dois grossos volumes ilustrados, com arranjo gr\u00e1fico de Maria Keil, cuja publica\u00e7\u00e3o acabou em 1962, disse o autor: \u00abn\u00e3o \u00e9 uma hist\u00f3ria, n\u00e3o \u00e9 um tratado, nem se dirige a especialistas. Quereria antes ser uma longa conversa\u00bb.<\/strong><\/p>\n<div style=\"TEXT-ALIGN: justify\"><strong>A primeira parte do livro coloca e discute um conjunto de quest\u00f5es sobre a Arte e a sua rela\u00e7\u00e3o com a Sociedade. (Foi mais tarde publicada separadamente com o t\u00edtulo <em>Introdu\u00e7\u00e3o \u00e0 pintura<\/em>.)<\/strong><\/div>\n<div style=\"TEXT-ALIGN: justify\"><strong>As segunda, terceira e quarta partes percorrem a pintura ocidental desde o s\u00e9culo XVIII at\u00e9 meados do s\u00e9culo XX, altura em que o livro foi escrito.<\/strong><\/div>\n","protected":false},"excerpt":{"rendered":"<p>Na pr\u00f3xima segunda-feira, tal como em todas as segundas-feiras, \u00e0s 18h30, continua a leitura colectiva d&#8217;A Paleta e o Mundo, de M\u00e1rio Dion\u00edsio. Acab\u00e1mos o 5\u00ba cap\u00edtulo da 2\u00aa parte, que foi lido por Jos\u00e9 Manuel Mendes, e avan\u00e7amos agora para o 6\u00ba &#8211; \u00abOutros homens outros temas\u00bb, sobre Daumier -, que ser\u00e1 lido por [&hellip;]<\/p>\n","protected":false},"author":1,"featured_media":0,"comment_status":"open","ping_status":"closed","sticky":false,"template":"","format":"standard","meta":[],"categories":[1],"tags":[],"_links":{"self":[{"href":"http:\/\/noticias.centromariodionisio.org\/index.php?rest_route=\/wp\/v2\/posts\/664"}],"collection":[{"href":"http:\/\/noticias.centromariodionisio.org\/index.php?rest_route=\/wp\/v2\/posts"}],"about":[{"href":"http:\/\/noticias.centromariodionisio.org\/index.php?rest_route=\/wp\/v2\/types\/post"}],"author":[{"embeddable":true,"href":"http:\/\/noticias.centromariodionisio.org\/index.php?rest_route=\/wp\/v2\/users\/1"}],"replies":[{"embeddable":true,"href":"http:\/\/noticias.centromariodionisio.org\/index.php?rest_route=%2Fwp%2Fv2%2Fcomments&post=664"}],"version-history":[{"count":8,"href":"http:\/\/noticias.centromariodionisio.org\/index.php?rest_route=\/wp\/v2\/posts\/664\/revisions"}],"predecessor-version":[{"id":673,"href":"http:\/\/noticias.centromariodionisio.org\/index.php?rest_route=\/wp\/v2\/posts\/664\/revisions\/673"}],"wp:attachment":[{"href":"http:\/\/noticias.centromariodionisio.org\/index.php?rest_route=%2Fwp%2Fv2%2Fmedia&parent=664"}],"wp:term":[{"taxonomy":"category","embeddable":true,"href":"http:\/\/noticias.centromariodionisio.org\/index.php?rest_route=%2Fwp%2Fv2%2Fcategories&post=664"},{"taxonomy":"post_tag","embeddable":true,"href":"http:\/\/noticias.centromariodionisio.org\/index.php?rest_route=%2Fwp%2Fv2%2Ftags&post=664"}],"curies":[{"name":"wp","href":"https:\/\/api.w.org\/{rel}","templated":true}]}}