{"id":642,"date":"2010-02-11T21:02:32","date_gmt":"2010-02-11T20:02:32","guid":{"rendered":"http:\/\/noticias.centromariodionisio.org\/?p=642"},"modified":"2010-06-26T15:53:47","modified_gmt":"2010-06-26T14:53:47","slug":"o-coro-da-achada","status":"publish","type":"post","link":"http:\/\/noticias.centromariodionisio.org\/?p=642","title":{"rendered":"O Coro da Achada"},"content":{"rendered":"<p style=\"text-align: justify;\">O <strong>coro da Achada<\/strong> nasceu em Junho de 2009. Pensou-se convidar um coro para cantar na <a href=\"http:\/\/noticias.centromariodionisio.org\/?p=86\" target=\"_blank\"><strong>Semana de Abertura<\/strong><\/a><strong> do Centro M\u00e1rio Dion\u00edsio<\/strong> (entre 29 Setembro e 5 de Outubro de 2009).\u00a0Algu\u00e9m provocou: \u201cPorque \u00e9 que n\u00e3o fazemos n\u00f3s um coro?\u201d E fizemos mesmo. Come\u00e7ou a funcionar todas as quartas-feiras \u00e0s 21h30. O Centro M\u00e1rio Dion\u00edsio ainda n\u00e3o estava aberto ao p\u00fablico, come\u00e7\u00e1mos a ensaiar ainda com as obras a decorrer.<\/p>\n<p style=\"text-align: center;\"><strong> <\/strong><\/p>\n<p style=\"text-align: justify;\"><strong>Avan\u00e7\u00e1mos com a ideia de um coro que cantasse can\u00e7\u00f5es com textos do M\u00e1rio Dion\u00edsio<\/strong> (como\u00a0<a href=\"http:\/\/noticias.centromariodionisio.org\/wp-content\/uploads\/Canto-de-Esperan\u00e7a.mp3\"><strong>Canto de Esperan\u00e7a<\/strong><\/a>, <a href=\"http:\/\/noticias.centromariodionisio.org\/wp-content\/uploads\/Gafanhoto-caracol.mp3\"><strong>Gafanhoto caracol<\/strong><\/a>, <a href=\"http:\/\/noticias.centromariodionisio.org\/wp-content\/uploads\/Lim\u00f5es-oh-lim\u00f5es.mp3\"><strong>Lim\u00f5es oh lim\u00f5es<\/strong><\/a> e <a href=\"http:\/\/noticias.centromariodionisio.org\/wp-content\/uploads\/Que-tu-es-fort.mp3\"><strong>Que tu es fort<\/strong><\/a>)<strong> e outras: can\u00e7\u00f5es de luta de todo o mundo e de \u00e9pocas diferentes (na l\u00edngua original ou traduzidas), algumas can\u00e7\u00f5es populares portuguesas, can\u00e7\u00f5es pouco cantadas, can\u00e7\u00f5es que por alguma raz\u00e3o nos entusiasmam e nos libertam.<\/strong><\/p>\n<p style=\"text-align: justify;\"><strong><a href=\"http:\/\/noticias.centromariodionisio.org\/wp-content\/uploads\/Clara-Bol\u00e9o-koor-026.jpg\"><img decoding=\"async\" loading=\"lazy\" class=\"alignnone size-medium wp-image-1074\" title=\"Clara Bol\u00e9o koor 026\" src=\"http:\/\/noticias.centromariodionisio.org\/wp-content\/uploads\/Clara-Bol\u00e9o-koor-026-300x225.jpg\" alt=\"Clara Bol\u00e9o koor 026\" width=\"300\" height=\"225\" srcset=\"http:\/\/noticias.centromariodionisio.org\/wp-content\/uploads\/Clara-Bol\u00e9o-koor-026-300x225.jpg 300w, http:\/\/noticias.centromariodionisio.org\/wp-content\/uploads\/Clara-Bol\u00e9o-koor-026-1024x768.jpg 1024w\" sizes=\"(max-width: 300px) 100vw, 300px\" \/><\/a><a href=\"http:\/\/noticias.centromariodionisio.org\/wp-content\/uploads\/00311.jpg\"> <\/a><a href=\"http:\/\/noticias.centromariodionisio.org\/wp-content\/uploads\/00312.jpg\"><img decoding=\"async\" loading=\"lazy\" class=\"alignnone size-full wp-image-1076\" title=\"0031\" src=\"http:\/\/noticias.centromariodionisio.org\/wp-content\/uploads\/00312.jpg\" alt=\"0031\" width=\"300\" height=\"225\" \/><\/a><\/strong><\/p>\n<p style=\"text-align: justify;\"><strong><a href=\"http:\/\/noticias.centromariodionisio.org\/wp-content\/uploads\/DSC_00871.JPG\"><img decoding=\"async\" loading=\"lazy\" class=\"alignnone size-large wp-image-1077\" title=\"DSC_0087\" src=\"http:\/\/noticias.centromariodionisio.org\/wp-content\/uploads\/DSC_00871-1024x685.jpg\" alt=\"DSC_0087\" width=\"300\" height=\"225\" \/> <\/a><a href=\"http:\/\/noticias.centromariodionisio.org\/wp-content\/uploads\/fb-2.jpg\"><img decoding=\"async\" loading=\"lazy\" class=\"alignnone size-full wp-image-1078\" title=\"fb 2\" src=\"http:\/\/noticias.centromariodionisio.org\/wp-content\/uploads\/fb-2.jpg\" alt=\"fb 2\" width=\"300\" height=\"225\" \/><\/a><br \/>\n<\/strong><\/p>\n<p style=\"text-align: justify;\">A coisa arrancou e logo mais de uma d\u00fazia se juntaram nas primeiras sess\u00f5es. Ambiente informal. Gente dos 7 aos 70 e de variadas proveni\u00eancias. Muitos diziam que n\u00e3o sabiam cantar. Em Agosto j\u00e1 eram perto de 30.<\/p>\n<p style=\"text-align: center;\"><a href=\"http:\/\/noticias.centromariodionisio.org\/wp-content\/uploads\/Ant\u00f3nio-Marciano-mouraria_janeiras-211.jpg\"><\/a><\/p>\n<p style=\"text-align: justify;\">Depois de duas apresenta\u00e7\u00f5es p\u00fablicas na <strong><a href=\"http:\/\/noticias.centromariodionisio.org\/?p=188\" target=\"_blank\">Semana de Abertura<\/a><\/strong><strong> do Centro M\u00e1rio Dion\u00edsio<\/strong> (2 e 5 de Outubro), mais gente se juntou.<\/p>\n<p style=\"text-align: justify;\">Cant\u00e1mos de novo n\u2019<strong><a href=\"http:\/\/noticias.centromariodionisio.org\/?p=478\" target=\"_blank\">Um fim-de-semana diferente na Casa da Achada<\/a><\/strong> (19 de Dezembro) numa apresenta\u00e7\u00e3o a que cham\u00e1mos <em>Visita guiada<\/em>, depois de uma visita guiada de Eduarda Dion\u00edsio \u00e0 <a href=\"http:\/\/noticias.centromariodionisio.org\/?p=156\" target=\"_blank\">exposi\u00e7\u00e3o<\/a> que est\u00e1 na Casa da Achada, e incluindo leituras de textos de M\u00e1rio Dion\u00edsio que tinham a ver com pintura de alguma forma.<\/p>\n<p style=\"text-align: justify;\">Volt\u00e1mos a cantar nas <a href=\"http:\/\/janeirasnamouraria.wordpress.com\/\" target=\"_blank\"><strong>Janeiras<\/strong><\/a>, organizadas com a <a href=\"http:\/\/www.renovaramouraria.pt\/\" target=\"_blank\">Associa\u00e7\u00e3o Renovar a Mouraria<\/a> (9 de Janeiro), com 2 gaiteiros (um deles o\u00a0membro do coro) e com muita gente na rua. Destas Janeiras, a Associa\u00e7\u00e3o Renovar a Mouraria fez um <a href=\"http:\/\/www.youtube.com\/watch?v=p4kBRcqbFqw&amp;feature=player_embedded\" target=\"_blank\">v\u00eddeo<\/a>.<\/p>\n<p style=\"text-align: justify;\">Fomos tamb\u00e9m cantar \u00e0 <strong>Escola D. Pedro V<\/strong> no dia 26 de Janeiro, participando na festa (do \u201cpatrono\u201d) que ali havia com alunos e professores dos hor\u00e1rios nocturnos.<\/p>\n<p style=\"text-align: justify;\">No final de tarde de 6 de Mar\u00e7o cant\u00e1mos no Largo do Chafariz de Dentro, em Alfama, a convite da <strong><a href=\"http:\/\/acparafernalia.org\/\">Associa\u00e7\u00e3o Parafern\u00e1lia<\/a><\/strong>.<\/p>\n<p style=\"text-align: justify;\">A convite do coro<strong> <a href=\"http:\/\/www.pimpoes.pt\/page46.html\">Os Pimp\u00f5es<\/a><\/strong> particip\u00e1mos no encontro de coros da associa\u00e7\u00e3o, nas Caldas da Rainha, a 13 de Mar\u00e7o.<\/p>\n<p style=\"text-align: justify;\">O Coro da Achada foi \u00e0 festa da <strong><a href=\"http:\/\/www.legadicultura.it\/\">Lega di Cultura di Piadena<\/a><\/strong> em It\u00e1lia. Esta ano a festa tinha como tema as emigra\u00e7\u00f5es e imigra\u00e7\u00f5es, al\u00e9m de homenagear a sua fundadora Genia. Cant\u00e1mos com v\u00e1rios coros italianos, espanh\u00f3is e franceses v\u00e1rias can\u00e7\u00f5es de luta de todo o mundo.<\/p>\n<p style=\"text-align: justify;\">Em Abril comemor\u00e1mos o 25 de Abril no <strong><a href=\"http:\/\/associabril.blogspot.com\/2010\/03\/arraial-do-25-de-abril-2010.html\">Largo do Carmo<\/a><\/strong> e na <strong><a href=\"http:\/\/noticias.centromariodionisio.org\/?p=1006\">Casa da Achada<\/a><\/strong> em Lisboa e fomos \u00e0<strong> <a href=\"http:\/\/www.cm-lourinha.pt\/News\/newsdetail.aspx?news=9224201d-817f-4ce5-a3d7-76ba35e4d1a4\">Lourinh\u00e3<\/a><\/strong>.<\/p>\n<p style=\"text-align: justify;\">A convite do <strong>Coro Dominguero<\/strong> fomos a <strong>Sevilha<\/strong> e cant\u00e1mos em v\u00e1rios locais inseridos no <strong>Otra forma de construir ciudad<\/strong>.<\/p>\n<p style=\"text-align: justify;\">Podem ver <a href=\"http:\/\/letrascoroachada.blogspot.com\/\">aqui as letras<\/a> de grande parte das can\u00e7\u00f5es que temos cantado (mais de 20).<\/p>\n<h3 style=\"text-align: justify;\"><strong>Vamos cantar:<\/strong><\/h3>\n<p><span style=\"text-decoration: underline;\"><strong>10 Julho 2010 | 18:30h<\/strong><\/span><br \/>\n<strong>Feira da Achada<\/strong><br \/>\nLargo da Achada (Lisboa)<\/p>\n<h3 style=\"text-align: justify;\"><strong>Cant\u00e1mos em:<\/strong><\/h3>\n<p style=\"text-align: justify;\"><span style=\"text-decoration: underline;\"><strong>2 Outubro 2009<br \/>\n<\/strong><\/span><strong><a href=\"http:\/\/noticias.centromariodionisio.org\/?p=95\">Semana de Abertura da Casa da Achada &#8211; Centro M\u00e1rio Dion\u00edsio<\/a><br \/>\n<\/strong>Casa da Achada &#8211; Centro M\u00e1rio Dion\u00edsio (Lisboa)<br \/>\ncom <a href=\"http:\/\/www.legadicultura.it\/musica.htm\">I Giorni Cantati<\/a> e <a href=\"http:\/\/www.myspace.com\/sethmaldito\">Pedro e Diana<\/a><\/p>\n<p><span style=\"text-decoration: underline;\"><strong>5 Outubro 2009<br \/>\n<\/strong><\/span><strong><a href=\"http:\/\/noticias.centromariodionisio.org\/?p=95\">Semana de Abertura da Casa da Achada &#8211; Centro M\u00e1rio Dion\u00edsio<\/a><br \/>\n<\/strong>Casa da Achada &#8211; Centro M\u00e1rio Dion\u00edsio (Lisboa)<br \/>\ncom <a href=\"http:\/\/www.legadicultura.it\/musica.htm\">I Giorni Cantati<\/a><br \/>\n<span style=\"text-decoration: underline;\"><br \/>\n<\/span><strong><span style=\"text-decoration: underline;\">19 Dezembro 2009<\/span><br \/>\n<a href=\"http:\/\/noticias.centromariodionisio.org\/?p=478\">Um fim de semana diferente na Casa da Achada<\/a><\/strong><br \/>\nCasa da Achada &#8211; Centro M\u00e1rio Dion\u00edsio (Lisboa)<\/p>\n<p><span style=\"text-decoration: underline;\"><strong>9 Janeiro 2010<\/strong><\/span><br \/>\n<a href=\"http:\/\/janeirasnamouraria.wordpress.com\/\"><strong>Cantar as Janeiras pelas Tascas da Mouraria<\/strong><\/a><br \/>\nRua do Capel\u00e3o at\u00e9 ao Largo da Achada (Lisboa)<br \/>\nconvite da <a href=\"http:\/\/www.renovaramouraria.pt\/\">Associa\u00e7\u00e3o Renovar a Mouraria<\/a><span style=\"text-decoration: underline;\"><strong><br \/>\n<\/strong><\/span>com <a href=\"http:\/\/www.juventudedagaliza.com\/\">Casa da Galiza<\/a><br \/>\n<span style=\"text-decoration: underline;\"><strong><br \/>\n26 Janeiro 2010<\/strong><\/span><strong><br \/>\nFesta da escola<\/strong><br \/>\n<a href=\"http:\/\/www.dpedrov.edu.pt\/\">Escola Secund\u00e1ria D. Pedro V<\/a> (Lisboa)<\/p>\n<p><span style=\"text-decoration: underline;\"><strong>6 Mar\u00e7o 2010<\/strong><\/span><br \/>\n<a href=\"http:\/\/acparafernalia.org\/blogue\/parafernalia-na-sociedade-boa-uniao-e-arredores\/\"><strong>Parafern\u00e1lia na Sociedade Boa Uni\u00e3o (e Arredores)<\/strong><\/a><br \/>\nLargo do Chafariz de Dentro (Lisboa)<br \/>\nConvite da <a href=\"http:\/\/acparafernalia.org\/\">Associa\u00e7\u00e3o Cultural Parafern\u00e1lia<\/a><br \/>\ncom <a href=\"http:\/\/www.myspace.com\/urzedelume\">Urze de Lume<\/a><\/p>\n<p style=\"text-align: justify;\"><span style=\"text-decoration: underline;\"><strong>13 Mar\u00e7o 2010<br \/>\n<\/strong><\/span><strong>7\u00ba Encontro de Coros dos Pimp\u00f5es<\/strong><br \/>\nAudit\u00f3rio dos Pimp\u00f5es (Caldas da Rainha)<br \/>\ncom <a href=\"http:\/\/www.pimpoes.pt\/page46.html\">Grupo Coral Os Pimp\u00f5es<\/a>, <a href=\"http:\/\/www.cm-lourinha.pt\/custompages\/showpage.aspx?pageid=ba8d6381-fdaf-4655-9fda-d6131eba8093&amp;m=b252\">Coro Municipal da Lourinh\u00e3<\/a> e Grupo Coral de Mafra<\/p>\n<p><span style=\"text-decoration: underline;\"><strong>19 e 21 Mar\u00e7o 2010<\/strong><\/span><br \/>\n<strong>Festa anual da <a href=\"http:\/\/www.legadicultura.it\/\" target=\"_blank\">Lega di Cultura di Piadena<\/a><\/strong><br \/>\nTeatro Gallerani (San Giovani in Croce, It\u00e1lia)<br \/>\nSede da Lega di Cultura di Piadena (Pontirolo, It\u00e1lia)<br \/>\ncom, entre outros, Coro <a href=\"http:\/\/sibemol.14demis.free.fr\/\" target=\"_blank\">Si B\u00e9mol et 14 demis<\/a> (de Paris), Le Vie del Canto (de G\u00e9nova), La Sarabanda (de Roma), o Coro Dominguero (de Sevilha), Suonatori Terra Terra (de Floren\u00e7a), Colori di Maggio di Marsiglia, <a href=\"http:\/\/www.ottoniascoppio.org\/\">Banda degli Ottoni<\/a> (de Mil\u00e3o), <a href=\"http:\/\/www.iedm.it\/\">Istituto Ernesto di Martino<\/a>, <a href=\"http:\/\/www.webalice.it\/luigi.modiano\/\">Nuovo Canzoniere Bresciano<\/a>, <a href=\"http:\/\/www.legadicultura.it\/testi\/musica.htm\">I Giorni Cantati<\/a> (de Calvatone e Piadena), <a href=\"http:\/\/www.fiatisprecati.it\/\">Fiati Sprecati<\/a> (de Floren\u00e7a), Cenciallegre (de Modena), <a href=\"http:\/\/www.circologiannibosio.it\/\">Circolo Gianni Bosio<\/a> (de Roma), <a href=\"http:\/\/www.corodimicene.org\/\">Coro di Micene<\/a>, <a href=\"http:\/\/www.vocidimezzo.it\/\">Voci di Mezzo<\/a> e L\u2019Hard Coro de Marchi (de Bolonha).<\/p>\n<p><strong><span style=\"text-decoration: underline;\">23 Abril 2010<\/span><br \/>\n<a href=\"http:\/\/associabril.blogspot.com\/2010\/04\/arraial-do-25-de-abril-2010.html\">Arraial do 25 de Abril de 2010<\/a><\/strong><br \/>\nLargo do Carmo (Lisboa)<br \/>\nconvite da <a href=\"http:\/\/associabril.blogspot.com\/\">Associa\u00e7\u00e3o Abril<\/a><br \/>\ncom Couple Coffee, Eug\u00e9nia Bettencourt e Mingo Rangel, Gordilho, Bal\u00e9 Brasil, O Canto da Mem\u00f3ria, In\u00e1cio Canto e Castro, Moinho da Juventude e Venham Mais Cinco<\/p>\n<p><strong><span style=\"text-decoration: underline;\">24 Abril 2010<\/span><br \/>\n<a href=\"http:\/\/www.cm-lourinha.pt\/News\/newsdetail.aspx?news=9224201d-817f-4ce5-a3d7-76ba35e4d1a4\">Lembrar Abril<\/a><\/strong><br \/>\nAudit\u00f3rio Maestro Manuel Maria Baltazar (Lourinh\u00e3)<br \/>\nconvite da <a href=\"http:\/\/www.cm-lourinha.pt\/\">C\u00e2mara Municipal da Lourinh\u00e3<\/a><br \/>\ncom <a href=\"http:\/\/www.cm-lourinha.pt\/custompages\/showpage.aspx?pageid=ba8d6381-fdaf-4655-9fda-d6131eba8093&amp;m=b252\">Coro Municipal da Lourinh\u00e3<\/a> e Coro do Minist\u00e9rio da Educa\u00e7\u00e3o &#8211; Educ(ant)are<br \/>\n<span style=\"text-decoration: underline;\"><br \/>\n<\/span><strong><span style=\"text-decoration: underline;\">25 Abril 2010<\/span><br \/>\n<a href=\"http:\/\/noticias.centromariodionisio.org\/?p=1006\">25 de Abril na Casa da Achada<\/a><\/strong><br \/>\nCasa da Achada &#8211; Centro M\u00e1rio Dion\u00edsio (Lisboa)<\/p>\n<p><span style=\"text-decoration: underline;\"><strong>5 Maio 2010<\/strong><\/span><strong><br \/>\n<a href=\"http:\/\/noticias.centromariodionisio.org\/?p=1082\">A Casa da Achada na Feira do Livro de Lisboa<\/a><br \/>\n<\/strong>Parque Eduardo VII (<a href=\"http:\/\/feiradolivrodelisboa.pt\/\">Feira do Livro<\/a>, Pra\u00e7a Amarela) (Lisboa)<br \/>\ncom <a href=\"http:\/\/www.myspace.com\/sethmaldito\">Pedro e Diana<\/a><\/p>\n<p><strong><span style=\"text-decoration: underline;\">21 e 22 Maio 2010<\/span><br \/>\nOtra forma de construir ciudad<\/strong><br \/>\n<a href=\"http:\/\/pumarejo.org\/\">Casa del Pumarejo<\/a> (Sevilha, Espanha)<br \/>\nParque Miraflores (Sevilha, Espanha)<br \/>\nconvite do Coro Dominguero<br \/>\ncom a participa\u00e7\u00e3o de Coro Dominguero, <a href=\"http:\/\/www.legadicultura.it\/testi\/musica.htm\">I Giorni Cantati<\/a>, Coro <a href=\"http:\/\/sibemol.14demis.free.fr\/\" target=\"_blank\">Si B\u00e9mol et 14 demis<\/a>, L\u2019Hard Coro de Marchi, <a href=\"http:\/\/www.vocidimezzo.it\/\">Voci di Mezzo<\/a>, Colori di Maggio di Marsiglia e <a href=\"http:\/\/www.webalice.it\/luigi.modiano\/\">Nuovo Canzoniere Bresciano<\/a>.<a href=\"http:\/\/sibemol.14demis.free.fr\/\" target=\"_blank\"><\/a><\/p>\n<p><span style=\"text-decoration: underline;\"><strong>31 Maio 2010<\/strong><\/span><br \/>\n<strong><a href=\"http:\/\/www.alkantarafestival.pt\/festival\/index.php?id=id_espectaculo&amp;page=espectaculo_detalhe&amp;esp=amigos&amp;volta=calendario\">Amigos Coloridos &#8211; Alkantara Festival<\/a><\/strong><br \/>\n<a href=\"http:\/\/www.teatrosaoluiz.pt\/\">Teatro Municipal S\u00e3o Luiz<\/a> (Lisboa)<br \/>\nconvite de In\u00eas Nogueira<\/p>\n<p><strong><span style=\"text-decoration: underline;\">19 Junho 2010<\/span><\/strong><br \/>\n<a href=\"http:\/\/pimentanegra.blogspot.com\/2010\/06\/festa-da-pintura-do-mural-da-historia.html\"><strong>Festa da pintura do mural da hist\u00f3ria do Bairro da Relvinha<\/strong><\/a><br \/>\nCooperativa Semear Relvinhas (Coimbra)<br \/>\ncom <a href=\"http:\/\/www1.ci.uc.pt\/gefac\/quem_somos.htm\">GEFAC &#8211; Grupo Etnogr\u00e1fico e Folclore da Academia de Coimbra<\/a> e <a href=\"http:\/\/www.myspace.com\/rebimbomalho\"> Rebimb\u00f3malho<\/a><\/p>\n","protected":false},"excerpt":{"rendered":"<p>O coro da Achada nasceu em Junho de 2009. Pensou-se convidar um coro para cantar na Semana de Abertura do Centro M\u00e1rio Dion\u00edsio (entre 29 Setembro e 5 de Outubro de 2009).\u00a0Algu\u00e9m provocou: \u201cPorque \u00e9 que n\u00e3o fazemos n\u00f3s um coro?\u201d E fizemos mesmo. Come\u00e7ou a funcionar todas as quartas-feiras \u00e0s 21h30. O Centro M\u00e1rio [&hellip;]<\/p>\n","protected":false},"author":1,"featured_media":0,"comment_status":"open","ping_status":"closed","sticky":false,"template":"","format":"standard","meta":[],"categories":[14],"tags":[],"_links":{"self":[{"href":"http:\/\/noticias.centromariodionisio.org\/index.php?rest_route=\/wp\/v2\/posts\/642"}],"collection":[{"href":"http:\/\/noticias.centromariodionisio.org\/index.php?rest_route=\/wp\/v2\/posts"}],"about":[{"href":"http:\/\/noticias.centromariodionisio.org\/index.php?rest_route=\/wp\/v2\/types\/post"}],"author":[{"embeddable":true,"href":"http:\/\/noticias.centromariodionisio.org\/index.php?rest_route=\/wp\/v2\/users\/1"}],"replies":[{"embeddable":true,"href":"http:\/\/noticias.centromariodionisio.org\/index.php?rest_route=%2Fwp%2Fv2%2Fcomments&post=642"}],"version-history":[{"count":33,"href":"http:\/\/noticias.centromariodionisio.org\/index.php?rest_route=\/wp\/v2\/posts\/642\/revisions"}],"predecessor-version":[{"id":662,"href":"http:\/\/noticias.centromariodionisio.org\/index.php?rest_route=\/wp\/v2\/posts\/642\/revisions\/662"}],"wp:attachment":[{"href":"http:\/\/noticias.centromariodionisio.org\/index.php?rest_route=%2Fwp%2Fv2%2Fmedia&parent=642"}],"wp:term":[{"taxonomy":"category","embeddable":true,"href":"http:\/\/noticias.centromariodionisio.org\/index.php?rest_route=%2Fwp%2Fv2%2Fcategories&post=642"},{"taxonomy":"post_tag","embeddable":true,"href":"http:\/\/noticias.centromariodionisio.org\/index.php?rest_route=%2Fwp%2Fv2%2Ftags&post=642"}],"curies":[{"name":"wp","href":"https:\/\/api.w.org\/{rel}","templated":true}]}}