{"id":6232,"date":"2019-10-24T16:32:10","date_gmt":"2019-10-24T16:32:10","guid":{"rendered":"http:\/\/noticias.centromariodionisio.org\/?p=6232"},"modified":"2019-10-24T16:32:10","modified_gmt":"2019-10-24T16:32:10","slug":"sebastiao-lima-rego-mais-uma-grande-falta","status":"publish","type":"post","link":"http:\/\/noticias.centromariodionisio.org\/?p=6232","title":{"rendered":"SEBASTI\u00c3O LIMA REGO &#8211; MAIS UMA GRANDE FALTA"},"content":{"rendered":"\n<figure class=\"wp-block-image\"><img decoding=\"async\" loading=\"lazy\" width=\"666\" height=\"375\" src=\"http:\/\/noticias.centromariodionisio.org\/wp-content\/uploads\/S1290001-pq.jpg\" alt=\"\" class=\"wp-image-6234\" srcset=\"http:\/\/noticias.centromariodionisio.org\/wp-content\/uploads\/S1290001-pq.jpg 666w, http:\/\/noticias.centromariodionisio.org\/wp-content\/uploads\/S1290001-pq-300x169.jpg 300w\" sizes=\"(max-width: 666px) 100vw, 666px\" \/><\/figure>\n\n\n\n<p><strong>Sebasti\u00e3o Lima Rego &#8211; mais uma grande falta <\/strong><\/p>\n\n\n\n<p>na Casa da Achada-Centro M\u00e1rio Dion\u00edsio<\/p>\n\n\n\n<p>no nosso pa\u00eds e (porque n\u00e3o dizer) no mundo, que \u00e9 grande e pequeno, como as coisas que lhe interessavam, diziam.<\/p>\n\n\n\n<p>Formado em direito, habituado a associa\u00e7\u00f5es e organiza\u00e7\u00f5es, \u00e0 interven\u00e7\u00e3o ali onde estava, e tamb\u00e9m poeta, morreu. <\/p>\n\n\n\n<p>Desde 2012, por proposta sua, manteve na Casa da Achada, uma rubrica\nque come\u00e7ou em 2012, a que se chamou \u00abhist\u00f3rias da Hist\u00f3ria\u00bb &#8211; e as min\u00fasculas\ne mai\u00fasculas na mesma palavra fazem todo o sentido. Efem\u00e9rides do m\u00eas em que se\nestava, tratadas no tempo de hoje, raramente por historiadores encartados, mas\npor quem sabia disso (com ou sem diplomas) ou por quem tinha vivido o que\naconteceu. <\/p>\n\n\n\n<p>Que \u00e9 o futuro sem uma certa mem\u00f3ria? \u2013 voltou a repetir-se por vozes\nv\u00e1rias nos \u00ab10 anos da Casa da Achada\u00bb, em Setembro 2019, onde ele infelizmente\nn\u00e3o esteve.<\/p>\n\n\n\n<p>Em 7 anos, rar\u00edssimas sess\u00f5es desta rubrica falharam e nunca por culpa de Sebasti\u00e3o Lima Rego.<\/p>\n\n\n\n<p>Foram mais de 40 sess\u00f5es. Ver <a href=\"http:\/\/www.centromariodionisio.org\/historia_historia.php\">aqui<\/a>.<\/p>\n\n\n\n<p>Agora, sem ele n\u00e3o se repetir\u00e3o nem poder\u00e3o continuar.<\/p>\n\n\n\n<p>Sebasti\u00e3o Lima Rego fez ele pr\u00f3prio uma d\u00fazia sess\u00f5es \u2013 todas sobre as 1\u00aa e 2\u00aa guerras mundiais, de que sabia tanto, associando coisas que quase n\u00e3o nos passam pela cabe\u00e7a. E a gente que quis aprendeu. Quem n\u00e3o quis perdeu. H\u00e1 grava\u00e7\u00f5es que podem ser editadas.<\/p>\n\n\n\n<p>Isto come\u00e7ou quando, em 2010, Sebasti\u00e3o Lima Rego veio apresentar na Casa da Achada a sua poesia, sess\u00e3o que foi a primeira de uma rubrica a que cham\u00e1mos \u00abItiner\u00e1rios\u00bb e que durou at\u00e9 2015. Nessa sess\u00e3o ele falou desse tempo em que estava preso em Peniche quando o 25 de Abril aconteceu. Ver <a href=\"http:\/\/www.centromariodionisio.org\/historia_itinerarios.php\">aqui<\/a>. <\/p>\n\n\n\n<p>Ao centro destes \u00abItiner\u00e1rios\u00bb, a vida de pessoas que come\u00e7aram por uma\nponta e descobriram outra, desfazendo pela vida que viveram ,as \u00abcaixinhas\u00bb de\nque o saber de hoje se faz. <\/p>\n\n\n\n<p>Por isso, e muitas outras coisas, obrigada, Sebasti\u00e3o (j\u00e1 n\u00e3o podes\nouvir) e at\u00e9 sempre.<\/p>\n\n\n\n<p>Casa da Achada- Centro M\u00e1rio Dion\u00edsio<\/p>\n","protected":false},"excerpt":{"rendered":"<p>Sebasti\u00e3o Lima Rego &#8211; mais uma grande falta na Casa da Achada-Centro M\u00e1rio Dion\u00edsio no nosso pa\u00eds e (porque n\u00e3o dizer) no mundo, que \u00e9 grande e pequeno, como as coisas que lhe interessavam, diziam. Formado em direito, habituado a associa\u00e7\u00f5es e organiza\u00e7\u00f5es, \u00e0 interven\u00e7\u00e3o ali onde estava, e tamb\u00e9m poeta, morreu. Desde 2012, por [&hellip;]<\/p>\n","protected":false},"author":1,"featured_media":0,"comment_status":"open","ping_status":"closed","sticky":false,"template":"","format":"standard","meta":[],"categories":[1],"tags":[],"_links":{"self":[{"href":"http:\/\/noticias.centromariodionisio.org\/index.php?rest_route=\/wp\/v2\/posts\/6232"}],"collection":[{"href":"http:\/\/noticias.centromariodionisio.org\/index.php?rest_route=\/wp\/v2\/posts"}],"about":[{"href":"http:\/\/noticias.centromariodionisio.org\/index.php?rest_route=\/wp\/v2\/types\/post"}],"author":[{"embeddable":true,"href":"http:\/\/noticias.centromariodionisio.org\/index.php?rest_route=\/wp\/v2\/users\/1"}],"replies":[{"embeddable":true,"href":"http:\/\/noticias.centromariodionisio.org\/index.php?rest_route=%2Fwp%2Fv2%2Fcomments&post=6232"}],"version-history":[{"count":2,"href":"http:\/\/noticias.centromariodionisio.org\/index.php?rest_route=\/wp\/v2\/posts\/6232\/revisions"}],"predecessor-version":[{"id":6235,"href":"http:\/\/noticias.centromariodionisio.org\/index.php?rest_route=\/wp\/v2\/posts\/6232\/revisions\/6235"}],"wp:attachment":[{"href":"http:\/\/noticias.centromariodionisio.org\/index.php?rest_route=%2Fwp%2Fv2%2Fmedia&parent=6232"}],"wp:term":[{"taxonomy":"category","embeddable":true,"href":"http:\/\/noticias.centromariodionisio.org\/index.php?rest_route=%2Fwp%2Fv2%2Fcategories&post=6232"},{"taxonomy":"post_tag","embeddable":true,"href":"http:\/\/noticias.centromariodionisio.org\/index.php?rest_route=%2Fwp%2Fv2%2Ftags&post=6232"}],"curies":[{"name":"wp","href":"https:\/\/api.w.org\/{rel}","templated":true}]}}