{"id":6223,"date":"2019-09-12T18:21:01","date_gmt":"2019-09-12T18:21:01","guid":{"rendered":"http:\/\/noticias.centromariodionisio.org\/?p=6223"},"modified":"2019-09-12T18:22:06","modified_gmt":"2019-09-12T18:22:06","slug":"10-anos-da-casa-da-achada","status":"publish","type":"post","link":"http:\/\/noticias.centromariodionisio.org\/?p=6223","title":{"rendered":"10 anos da Casa da Achada!"},"content":{"rendered":"\n<p>Entre 26 de Setembro e 1 de Outubro a Casa da Achada &#8211; Centro M\u00e1rio Dion\u00edsio vai comemorar 10 anos de abertura. Este ano a festa prolonga-se por seis dias com um <a href=\"http:\/\/www.centromariodionisio.org\/programacao.php\">programa intenso<\/a> cheio de actividades. Venham todos!<\/p>\n\n\n\n<div class=\"wp-block-image\"><figure class=\"aligncenter\"><img decoding=\"async\" loading=\"lazy\" width=\"317\" height=\"448\" src=\"http:\/\/noticias.centromariodionisio.org\/wp-content\/uploads\/10-anos-cartaz-programa-C\u00f3pia.jpg\" alt=\"\" class=\"wp-image-6226\" srcset=\"http:\/\/noticias.centromariodionisio.org\/wp-content\/uploads\/10-anos-cartaz-programa-C\u00f3pia.jpg 317w, http:\/\/noticias.centromariodionisio.org\/wp-content\/uploads\/10-anos-cartaz-programa-C\u00f3pia-212x300.jpg 212w\" sizes=\"(max-width: 317px) 100vw, 317px\" \/><\/figure><\/div>\n\n\n\n<p>\u00c9 verdade. Foi h\u00e1 10 anos que a Casa da Achada \u2013 Centro M\u00e1rio Dion\u00edsio abriu ao p\u00fablico, em Lisboa, em 29 de Setembro de 2009. Desde essa data, tem feito conversas, edi\u00e7\u00f5es, exposi\u00e7\u00f5es, oficinas, discuss\u00f5es sobre filmes, livros, quadros, sobre a cidade e a vida, a paleta e o mundo, mant\u00e9m uma Biblioteca e Mediateca P\u00fablicas com um largo hor\u00e1rio de abertura e tem tratado e disponibilizado o arquivo de M\u00e1rio Dion\u00edsio e Maria Let\u00edcia, composto por milhares de documentos. Ainda antes de a Casa abrir nascia o Coro da Achada, uns anos depois o Grupo de Teatro Comunit\u00e1rio da Casa da Achada, que ensaiam semanalmente e t\u00eam feito in\u00fameras apresenta\u00e7\u00f5es.<\/p>\n\n\n\n<p>Para assinalar os 10 anos, porque n\u00e3o estamos sozinhos e isto anda tudo ligado, convid\u00e1mos v\u00e1rios amigos de outras associa\u00e7\u00f5es e terras para virem discutir o fazer das artes, a pol\u00edtica e a vida, as palavras, os arquivos, as associa\u00e7\u00f5es.<\/p>\n\n\n\n<p>Inaugura uma nova exposi\u00e7\u00e3o de pintura de M\u00e1rio Dion\u00edsio, lan\u00e7amos uma edi\u00e7\u00e3o que re\u00fane todos os seus contos, haver\u00e1 leituras e conv\u00edvio, o Coro da Achada apresenta um espect\u00e1culo sobre os porqu\u00eas de cantar.<\/p>\n","protected":false},"excerpt":{"rendered":"<p>Entre 26 de Setembro e 1 de Outubro a Casa da Achada &#8211; Centro M\u00e1rio Dion\u00edsio vai comemorar 10 anos de abertura. Este ano a festa prolonga-se por seis dias com um programa intenso cheio de actividades. Venham todos! \u00c9 verdade. Foi h\u00e1 10 anos que a Casa da Achada \u2013 Centro M\u00e1rio Dion\u00edsio abriu [&hellip;]<\/p>\n","protected":false},"author":1,"featured_media":0,"comment_status":"open","ping_status":"closed","sticky":false,"template":"","format":"standard","meta":[],"categories":[1],"tags":[],"_links":{"self":[{"href":"http:\/\/noticias.centromariodionisio.org\/index.php?rest_route=\/wp\/v2\/posts\/6223"}],"collection":[{"href":"http:\/\/noticias.centromariodionisio.org\/index.php?rest_route=\/wp\/v2\/posts"}],"about":[{"href":"http:\/\/noticias.centromariodionisio.org\/index.php?rest_route=\/wp\/v2\/types\/post"}],"author":[{"embeddable":true,"href":"http:\/\/noticias.centromariodionisio.org\/index.php?rest_route=\/wp\/v2\/users\/1"}],"replies":[{"embeddable":true,"href":"http:\/\/noticias.centromariodionisio.org\/index.php?rest_route=%2Fwp%2Fv2%2Fcomments&post=6223"}],"version-history":[{"count":5,"href":"http:\/\/noticias.centromariodionisio.org\/index.php?rest_route=\/wp\/v2\/posts\/6223\/revisions"}],"predecessor-version":[{"id":6230,"href":"http:\/\/noticias.centromariodionisio.org\/index.php?rest_route=\/wp\/v2\/posts\/6223\/revisions\/6230"}],"wp:attachment":[{"href":"http:\/\/noticias.centromariodionisio.org\/index.php?rest_route=%2Fwp%2Fv2%2Fmedia&parent=6223"}],"wp:term":[{"taxonomy":"category","embeddable":true,"href":"http:\/\/noticias.centromariodionisio.org\/index.php?rest_route=%2Fwp%2Fv2%2Fcategories&post=6223"},{"taxonomy":"post_tag","embeddable":true,"href":"http:\/\/noticias.centromariodionisio.org\/index.php?rest_route=%2Fwp%2Fv2%2Ftags&post=6223"}],"curies":[{"name":"wp","href":"https:\/\/api.w.org\/{rel}","templated":true}]}}