{"id":6206,"date":"2019-07-11T14:22:15","date_gmt":"2019-07-11T14:22:15","guid":{"rendered":"http:\/\/noticias.centromariodionisio.org\/?p=6206"},"modified":"2019-07-12T09:26:56","modified_gmt":"2019-07-12T09:26:56","slug":"a-leitura-furiosa-em-2019","status":"publish","type":"post","link":"http:\/\/noticias.centromariodionisio.org\/?p=6206","title":{"rendered":"A Leitura Furiosa em 2019"},"content":{"rendered":"\n<p>A Leitura Furiosa \u00e9 um\nacontecimento extraordin\u00e1rio de tr\u00eas dias, em que pessoas \u00abzangadas com a\nleitura\u00bb se encontram com escritores. Dos encontros nascem textos que s\u00e3o\nilustrados, paginados numa brochura, lidos em voz alta, por vezes musicados.<\/p>\n\n\n\n<p>A Leitura Furiosa acontece\nanualmente h\u00e1 mais de 25 anos em Amiens (Fran\u00e7a), levada a cabo pela associa\u00e7\u00e3o\nCardan, e tem-se realizado desde h\u00e1 v\u00e1rios anos em Lisboa e no Porto (para al\u00e9m\nde outros s\u00edtios, mais pontualmente). Acontece exactamente no mesmo fim-de-semana\nem todos os s\u00edtios, o que implica tamb\u00e9m que os textos, franceses e\nportugueses, sejam traduzidos nos primeiros dois dias para poderem integrar a\nbrochura final que sai no domingo.<\/p>\n\n\n\n<p>Ainda a Casa da Achada n\u00e3o tinha\naberto ao p\u00fablico (estava ainda em obras&#8230;) e j\u00e1 a sua porta se abria\nextraordinariamente para a Leitura Furiosa, em Maio de 2009. E n\u00e3o mais a\ndeix\u00e1mos de fazer.<\/p>\n\n\n\n<ul class=\"wp-block-gallery columns-3 is-cropped wp-block-gallery-1 is-layout-flex\"><li class=\"blocks-gallery-item\"><figure><img decoding=\"async\" loading=\"lazy\" width=\"317\" height=\"448\" src=\"http:\/\/noticias.centromariodionisio.org\/wp-content\/uploads\/Leitura-Furiosa-sessao-publica-C\u00f3pia.jpg\" alt=\"\" data-id=\"6201\" class=\"wp-image-6201\" srcset=\"http:\/\/noticias.centromariodionisio.org\/wp-content\/uploads\/Leitura-Furiosa-sessao-publica-C\u00f3pia.jpg 317w, http:\/\/noticias.centromariodionisio.org\/wp-content\/uploads\/Leitura-Furiosa-sessao-publica-C\u00f3pia-212x300.jpg 212w\" sizes=\"(max-width: 317px) 100vw, 317px\" \/><\/figure><\/li><li class=\"blocks-gallery-item\"><figure><img decoding=\"async\" loading=\"lazy\" width=\"1024\" height=\"684\" src=\"http:\/\/noticias.centromariodionisio.org\/wp-content\/uploads\/EST_8420-1024x684.jpg\" alt=\"\" data-id=\"6211\" data-link=\"http:\/\/noticias.centromariodionisio.org\/?attachment_id=6211\" class=\"wp-image-6211\" srcset=\"http:\/\/noticias.centromariodionisio.org\/wp-content\/uploads\/EST_8420-1024x684.jpg 1024w, http:\/\/noticias.centromariodionisio.org\/wp-content\/uploads\/EST_8420-300x200.jpg 300w, http:\/\/noticias.centromariodionisio.org\/wp-content\/uploads\/EST_8420-768x513.jpg 768w\" sizes=\"(max-width: 1024px) 100vw, 1024px\" \/><\/figure><\/li><li class=\"blocks-gallery-item\"><figure><img decoding=\"async\" loading=\"lazy\" width=\"1024\" height=\"684\" src=\"http:\/\/noticias.centromariodionisio.org\/wp-content\/uploads\/EST_8403-1024x684.jpg\" alt=\"\" data-id=\"6212\" data-link=\"http:\/\/noticias.centromariodionisio.org\/?attachment_id=6212\" class=\"wp-image-6212\" srcset=\"http:\/\/noticias.centromariodionisio.org\/wp-content\/uploads\/EST_8403-1024x684.jpg 1024w, http:\/\/noticias.centromariodionisio.org\/wp-content\/uploads\/EST_8403-300x200.jpg 300w, http:\/\/noticias.centromariodionisio.org\/wp-content\/uploads\/EST_8403-768x513.jpg 768w\" sizes=\"(max-width: 1024px) 100vw, 1024px\" \/><\/figure><\/li><\/ul>\n\n\n\n<p>Contudo, este ano estivemos para\nn\u00e3o fazer a Leitura Furiosa na Casa da Achada. N\u00e3o porque parecesse pouco\npertinente ou a ideia tivesse perdido alguma pincelada de brilho, mas sim por\nraz\u00f5es muito pr\u00e1ticas. Por motivos diversos, tr\u00eas pessoas, que nos anos\nanteriores foram fundamentais para a realiza\u00e7\u00e3o da Leitura Furiosa (desde os\ncontactos com Amiens e Porto e com os grupos de Lisboa, o envio e recep\u00e7\u00e3o de\ntextos, at\u00e9 a quest\u00f5es de organiza\u00e7\u00e3o log\u00edstica), anunciaram que n\u00e3o poderiam\neste ano meter m\u00e3os \u00e0 obra. E a Leitura Furiosa (felizmente!) n\u00e3o \u00e9 s\u00f3 uma\nideia: precisa de m\u00e3os para que aconte\u00e7a. Da\u00ed termos pensado muito bem como\nhav\u00edamos de nos organizar e se seria poss\u00edvel ou n\u00e3o entrarmos este ano nesta\naventura. <\/p>\n\n\n\n<figure class=\"wp-block-image\"><img decoding=\"async\" loading=\"lazy\" width=\"1024\" height=\"684\" src=\"http:\/\/noticias.centromariodionisio.org\/wp-content\/uploads\/EST_8353-1024x684.jpg\" alt=\"\" class=\"wp-image-6210\" srcset=\"http:\/\/noticias.centromariodionisio.org\/wp-content\/uploads\/EST_8353-1024x684.jpg 1024w, http:\/\/noticias.centromariodionisio.org\/wp-content\/uploads\/EST_8353-300x200.jpg 300w, http:\/\/noticias.centromariodionisio.org\/wp-content\/uploads\/EST_8353-768x513.jpg 768w\" sizes=\"(max-width: 1024px) 100vw, 1024px\" \/><\/figure>\n\n\n\n<p>Sim. A Leitura Furiosa tinha de\nacontecer! \u00c9 um momento \u00fanico em que se misturam classes, mundos, diversos\nsaberes e artes, entusiasmos e palavras em v\u00e1rias l\u00ednguas. \u00c9 um momento em que\na Casa da Achada se liga n\u00e3o s\u00f3 a Amiens e ao Porto, mas a muitos mais lados, f\u00edsicos\nou n\u00e3o. Como havia que ser realista, tendo em conta as \u00abbaixas\u00bb importantes na\norganiza\u00e7\u00e3o e realiza\u00e7\u00e3o de tudo isto, decidimos n\u00e3o fazer mais do que tr\u00eas\ngrupos. <\/p>\n\n\n\n<ul class=\"wp-block-gallery columns-3 is-cropped wp-block-gallery-3 is-layout-flex\"><li class=\"blocks-gallery-item\"><figure><img decoding=\"async\" loading=\"lazy\" width=\"1024\" height=\"684\" src=\"http:\/\/noticias.centromariodionisio.org\/wp-content\/uploads\/EST_8334-1024x684.jpg\" alt=\"\" data-id=\"6208\" data-link=\"http:\/\/noticias.centromariodionisio.org\/?attachment_id=6208\" class=\"wp-image-6208\" srcset=\"http:\/\/noticias.centromariodionisio.org\/wp-content\/uploads\/EST_8334-1024x684.jpg 1024w, http:\/\/noticias.centromariodionisio.org\/wp-content\/uploads\/EST_8334-300x200.jpg 300w, http:\/\/noticias.centromariodionisio.org\/wp-content\/uploads\/EST_8334-768x513.jpg 768w\" sizes=\"(max-width: 1024px) 100vw, 1024px\" \/><\/figure><\/li><li class=\"blocks-gallery-item\"><figure><img decoding=\"async\" loading=\"lazy\" width=\"1024\" height=\"684\" src=\"http:\/\/noticias.centromariodionisio.org\/wp-content\/uploads\/EST_8459-1024x684.jpg\" alt=\"\" data-id=\"6213\" data-link=\"http:\/\/noticias.centromariodionisio.org\/?attachment_id=6213\" class=\"wp-image-6213\" srcset=\"http:\/\/noticias.centromariodionisio.org\/wp-content\/uploads\/EST_8459-1024x684.jpg 1024w, http:\/\/noticias.centromariodionisio.org\/wp-content\/uploads\/EST_8459-300x200.jpg 300w, http:\/\/noticias.centromariodionisio.org\/wp-content\/uploads\/EST_8459-768x513.jpg 768w\" sizes=\"(max-width: 1024px) 100vw, 1024px\" \/><\/figure><\/li><li class=\"blocks-gallery-item\"><figure><img decoding=\"async\" loading=\"lazy\" width=\"1024\" height=\"684\" src=\"http:\/\/noticias.centromariodionisio.org\/wp-content\/uploads\/EST_8422-1024x684.jpg\" alt=\"\" data-id=\"6207\" data-link=\"http:\/\/noticias.centromariodionisio.org\/?attachment_id=6207\" class=\"wp-image-6207\" srcset=\"http:\/\/noticias.centromariodionisio.org\/wp-content\/uploads\/EST_8422-1024x684.jpg 1024w, http:\/\/noticias.centromariodionisio.org\/wp-content\/uploads\/EST_8422-300x200.jpg 300w, http:\/\/noticias.centromariodionisio.org\/wp-content\/uploads\/EST_8422-768x513.jpg 768w\" sizes=\"(max-width: 1024px) 100vw, 1024px\" \/><\/figure><\/li><li class=\"blocks-gallery-item\"><figure><img decoding=\"async\" loading=\"lazy\" width=\"1024\" height=\"684\" src=\"http:\/\/noticias.centromariodionisio.org\/wp-content\/uploads\/EST_8369-1024x684.jpg\" alt=\"\" data-id=\"6209\" data-link=\"http:\/\/noticias.centromariodionisio.org\/?attachment_id=6209\" class=\"wp-image-6209\" srcset=\"http:\/\/noticias.centromariodionisio.org\/wp-content\/uploads\/EST_8369-1024x684.jpg 1024w, http:\/\/noticias.centromariodionisio.org\/wp-content\/uploads\/EST_8369-300x200.jpg 300w, http:\/\/noticias.centromariodionisio.org\/wp-content\/uploads\/EST_8369-768x513.jpg 768w\" sizes=\"(max-width: 1024px) 100vw, 1024px\" \/><\/figure><\/li><li class=\"blocks-gallery-item\"><figure><img decoding=\"async\" loading=\"lazy\" width=\"1024\" height=\"684\" src=\"http:\/\/noticias.centromariodionisio.org\/wp-content\/uploads\/EST_8363-1024x684.jpg\" alt=\"\" data-id=\"6214\" data-link=\"http:\/\/noticias.centromariodionisio.org\/?attachment_id=6214\" class=\"wp-image-6214\" srcset=\"http:\/\/noticias.centromariodionisio.org\/wp-content\/uploads\/EST_8363-1024x684.jpg 1024w, http:\/\/noticias.centromariodionisio.org\/wp-content\/uploads\/EST_8363-300x200.jpg 300w, http:\/\/noticias.centromariodionisio.org\/wp-content\/uploads\/EST_8363-768x513.jpg 768w\" sizes=\"(max-width: 1024px) 100vw, 1024px\" \/><\/figure><\/li><\/ul>\n\n\n\n<p>Os escritores Filomena Marona\nBeja, Jos\u00e9 M\u00e1rio Silva e Nuno Milagre encontraram-se com pessoas do Centro de\nApoio Social de S. Bento, do Conselho Portugu\u00eas para os Refugiados e da Escola\nn\u00ba 10 do Castelo. Os textos foram ilustrados por B\u00e1rbara Assis Pacheco, Pierre\nPratt e Rita Dias. No domingo, foi lan\u00e7ada uma brochura com os textos e as\nilustra\u00e7\u00f5es de Lisboa, do Porto e de Amiens e muitos foram lidos pelos actores\nCarla Bolito, F. Pedro Oliveira, Fernanda Neves, In\u00eas Nogueira e Margarida\nRodrigues e musicados por Pedro e Diana, numa sess\u00e3o final com todos os participantes\ne muita outra gente.<\/p>\n\n\n\n<ul class=\"wp-block-gallery columns-3 is-cropped wp-block-gallery-5 is-layout-flex\"><li class=\"blocks-gallery-item\"><figure><img decoding=\"async\" loading=\"lazy\" width=\"1024\" height=\"684\" src=\"http:\/\/noticias.centromariodionisio.org\/wp-content\/uploads\/EST_8404-1024x684.jpg\" alt=\"\" data-id=\"6216\" data-link=\"http:\/\/noticias.centromariodionisio.org\/?attachment_id=6216\" class=\"wp-image-6216\" srcset=\"http:\/\/noticias.centromariodionisio.org\/wp-content\/uploads\/EST_8404-1024x684.jpg 1024w, http:\/\/noticias.centromariodionisio.org\/wp-content\/uploads\/EST_8404-300x200.jpg 300w, http:\/\/noticias.centromariodionisio.org\/wp-content\/uploads\/EST_8404-768x513.jpg 768w\" sizes=\"(max-width: 1024px) 100vw, 1024px\" \/><\/figure><\/li><li class=\"blocks-gallery-item\"><figure><img decoding=\"async\" loading=\"lazy\" width=\"1024\" height=\"684\" src=\"http:\/\/noticias.centromariodionisio.org\/wp-content\/uploads\/EST_8502-1024x684.jpg\" alt=\"\" data-id=\"6215\" data-link=\"http:\/\/noticias.centromariodionisio.org\/?attachment_id=6215\" class=\"wp-image-6215\" srcset=\"http:\/\/noticias.centromariodionisio.org\/wp-content\/uploads\/EST_8502-1024x684.jpg 1024w, http:\/\/noticias.centromariodionisio.org\/wp-content\/uploads\/EST_8502-300x200.jpg 300w, http:\/\/noticias.centromariodionisio.org\/wp-content\/uploads\/EST_8502-768x513.jpg 768w\" sizes=\"(max-width: 1024px) 100vw, 1024px\" \/><\/figure><\/li><li class=\"blocks-gallery-item\"><figure><img decoding=\"async\" loading=\"lazy\" width=\"1024\" height=\"684\" src=\"http:\/\/noticias.centromariodionisio.org\/wp-content\/uploads\/EST_8497-1024x684.jpg\" alt=\"\" data-id=\"6217\" data-link=\"http:\/\/noticias.centromariodionisio.org\/?attachment_id=6217\" class=\"wp-image-6217\" srcset=\"http:\/\/noticias.centromariodionisio.org\/wp-content\/uploads\/EST_8497-1024x684.jpg 1024w, http:\/\/noticias.centromariodionisio.org\/wp-content\/uploads\/EST_8497-300x200.jpg 300w, http:\/\/noticias.centromariodionisio.org\/wp-content\/uploads\/EST_8497-768x513.jpg 768w\" sizes=\"(max-width: 1024px) 100vw, 1024px\" \/><\/figure><\/li><\/ul>\n\n\n\n<p>Obrigada a todos os grupos,\nescritores, ilustradores, cozinheiros e lavadores de loi\u00e7a, tradutores,\npaginadores, revisores, actores e demais participantes que tornaram poss\u00edvel\nfazer a Leitura Furiosa. <\/p>\n\n\n\n<p>Aqui fica <a href=\"http:\/\/centromariodionisio.org\/Imagens_historial\/19_5_lfb.pdf\">a brochura em PDF<\/a> com todos os textos e ilustra\u00e7\u00f5es. Ainda h\u00e1 tamb\u00e9m brochuras em papel dispon\u00edveis na Casa da Achada. Passem por c\u00e1!<\/p>\n","protected":false},"excerpt":{"rendered":"<p>A Leitura Furiosa \u00e9 um acontecimento extraordin\u00e1rio de tr\u00eas dias, em que pessoas \u00abzangadas com a leitura\u00bb se encontram com escritores. Dos encontros nascem textos que s\u00e3o ilustrados, paginados numa brochura, lidos em voz alta, por vezes musicados. A Leitura Furiosa acontece anualmente h\u00e1 mais de 25 anos em Amiens (Fran\u00e7a), levada a cabo pela [&hellip;]<\/p>\n","protected":false},"author":1,"featured_media":0,"comment_status":"open","ping_status":"closed","sticky":false,"template":"","format":"standard","meta":[],"categories":[1],"tags":[],"_links":{"self":[{"href":"http:\/\/noticias.centromariodionisio.org\/index.php?rest_route=\/wp\/v2\/posts\/6206"}],"collection":[{"href":"http:\/\/noticias.centromariodionisio.org\/index.php?rest_route=\/wp\/v2\/posts"}],"about":[{"href":"http:\/\/noticias.centromariodionisio.org\/index.php?rest_route=\/wp\/v2\/types\/post"}],"author":[{"embeddable":true,"href":"http:\/\/noticias.centromariodionisio.org\/index.php?rest_route=\/wp\/v2\/users\/1"}],"replies":[{"embeddable":true,"href":"http:\/\/noticias.centromariodionisio.org\/index.php?rest_route=%2Fwp%2Fv2%2Fcomments&post=6206"}],"version-history":[{"count":4,"href":"http:\/\/noticias.centromariodionisio.org\/index.php?rest_route=\/wp\/v2\/posts\/6206\/revisions"}],"predecessor-version":[{"id":6221,"href":"http:\/\/noticias.centromariodionisio.org\/index.php?rest_route=\/wp\/v2\/posts\/6206\/revisions\/6221"}],"wp:attachment":[{"href":"http:\/\/noticias.centromariodionisio.org\/index.php?rest_route=%2Fwp%2Fv2%2Fmedia&parent=6206"}],"wp:term":[{"taxonomy":"category","embeddable":true,"href":"http:\/\/noticias.centromariodionisio.org\/index.php?rest_route=%2Fwp%2Fv2%2Fcategories&post=6206"},{"taxonomy":"post_tag","embeddable":true,"href":"http:\/\/noticias.centromariodionisio.org\/index.php?rest_route=%2Fwp%2Fv2%2Ftags&post=6206"}],"curies":[{"name":"wp","href":"https:\/\/api.w.org\/{rel}","templated":true}]}}