{"id":6186,"date":"2019-05-10T16:18:00","date_gmt":"2019-05-10T16:18:00","guid":{"rendered":"http:\/\/noticias.centromariodionisio.org\/?p=6186"},"modified":"2019-05-20T17:34:34","modified_gmt":"2019-05-20T17:34:34","slug":"leitura-furiosa-sessao-publica","status":"publish","type":"post","link":"http:\/\/noticias.centromariodionisio.org\/?p=6186","title":{"rendered":"LEITURA FURIOSA: sess\u00e3o p\u00fablica"},"content":{"rendered":"\n<figure class=\"wp-block-image\"><img decoding=\"async\" loading=\"lazy\" width=\"317\" height=\"448\" src=\"http:\/\/noticias.centromariodionisio.org\/wp-content\/uploads\/Leitura-Furiosa-sessao-publica-C\u00f3pia.jpg\" alt=\"\" class=\"wp-image-6201\" srcset=\"http:\/\/noticias.centromariodionisio.org\/wp-content\/uploads\/Leitura-Furiosa-sessao-publica-C\u00f3pia.jpg 317w, http:\/\/noticias.centromariodionisio.org\/wp-content\/uploads\/Leitura-Furiosa-sessao-publica-C\u00f3pia-212x300.jpg 212w\" sizes=\"(max-width: 317px) 100vw, 317px\" \/><\/figure>\n\n\n\n<p>\n\nEste ano, em Lisboa, os escritores Filomena Marona Beja, <a target=\"_blank\" href=\"https:\/\/www.facebook.com\/jose.m.silva.14\" rel=\"noreferrer noopener\">Jos\u00e9 M\u00e1rio Silva<\/a> e <a target=\"_blank\" href=\"https:\/\/www.facebook.com\/nuno.milagre.5\" rel=\"noreferrer noopener\">Nuno Milagre<\/a> encontram-se com pessoas do Centro de Apoio Social de S. Bento, do <a target=\"_blank\" href=\"https:\/\/www.facebook.com\/face.cpr\/\" rel=\"noreferrer noopener\">Conselho Portugu\u00eas para os Refugiados<\/a> e da Escola do Castelo e escrevem os textos que ser\u00e3o ilustrados por B\u00e1rbara Assis Pacheco, <a target=\"_blank\" href=\"https:\/\/www.facebook.com\/pierre.pratt.58\" rel=\"noreferrer noopener\">Pierre Pratt<\/a> e Rita Dias e lidos e musicados, na sess\u00e3o p\u00fablica, por <a target=\"_blank\" href=\"https:\/\/www.facebook.com\/f.pedro.oliveira\" rel=\"noreferrer noopener\">F Pedro Oliveira<\/a>, <a target=\"_blank\" href=\"https:\/\/www.facebook.com\/fernanda.neves.52090\" rel=\"noreferrer noopener\">Fernanda Neves<\/a>, In\u00eas Nogueira, Margarida Rodrigues, <a target=\"_blank\" href=\"https:\/\/www.facebook.com\/sethmaldito\" rel=\"noreferrer noopener\">Pedro Diana Pedro Diana<\/a> e outros.<\/p>\n\n\n\n<p>A Leitura Furiosa dura tr\u00eas dias. \u00c9 um momento especial: quem \u00e9 (ou que a vida tornou) zangado com a leitura, a escrita (e at\u00e9 o mundo) encontra-se com escritores! \u00c9 um momento \u00fanico que permite a um n\u00e3o-leitor aproximar-se da magia da escrita, por interm\u00e9dio de uma pessoa que escreve literatura. Cada um faz ouvir a sua voz e at\u00e9 pode seguir depois um novo caminho, ao descobrir pessoas, coisas, frases, palavras que t\u00eam a ver com a sua vida e podem fazer pensar. Em si e nos outros. <\/p>\n\n\n\n<p>Alguns pequenos grupos de gente zangada com a leitura convivem durante um dia com um escritor. Almo\u00e7am. E continuam a conversar. <br>\u00c0 noite, o escritor escrever\u00e1 em casa um pequeno texto, a partir do encontro, que oferecer\u00e1 ao grupo com quem esteve, quando, no dia seguinte, voltarem a encontrar-se, desta vez na Casa da Achada. L\u00ea-se o texto, fala-se do texto, muda-se o texto. <br>E os textos dos v\u00e1rios grupos s\u00e3o ilustrados por desenhadores convidados, \u00e0 vista de toda a gente. <br>Depois do almo\u00e7o, em que zangados com a leitura, escritores e ilustradores se re\u00fanem, todos os grupos visitar\u00e3o, com o seu escritor, uma biblioteca ou livraria.<\/p>\n\n\n\n<p><strong>SESS\u00c3O P\u00daBLICA:<\/strong><\/p>\n\n\n\n<p><br>No domingo <strong>(26 de Maio, \u00e0s 15h)<\/strong>, os textos s\u00e3o tornados p\u00fablicos (os que v\u00eam de Fran\u00e7a s\u00e3o traduzidos para portugu\u00eas) numa sess\u00e3o de leitura em voz alta feita por actores, e alguns deles ser\u00e3o musicados e cantados. Ser\u00e1 distribu\u00edda uma brochura ilustrada, com os textos escritos nas v\u00e1rias cidades, onde cada um, de uma maneira ou de outra, estar\u00e1: mesmo quem est\u00e1 zangado com a leitura pode entrar, querendo ou n\u00e3o querendo, na literatura que os leitores costumam ler e que os zangados com ela poder\u00e3o ler tamb\u00e9m.<br><\/p>\n","protected":false},"excerpt":{"rendered":"<p>Este ano, em Lisboa, os escritores Filomena Marona Beja, Jos\u00e9 M\u00e1rio Silva e Nuno Milagre encontram-se com pessoas do Centro de Apoio Social de S. Bento, do Conselho Portugu\u00eas para os Refugiados e da Escola do Castelo e escrevem os textos que ser\u00e3o ilustrados por B\u00e1rbara Assis Pacheco, Pierre Pratt e Rita Dias e lidos [&hellip;]<\/p>\n","protected":false},"author":1,"featured_media":0,"comment_status":"open","ping_status":"closed","sticky":false,"template":"","format":"standard","meta":[],"categories":[1],"tags":[],"_links":{"self":[{"href":"http:\/\/noticias.centromariodionisio.org\/index.php?rest_route=\/wp\/v2\/posts\/6186"}],"collection":[{"href":"http:\/\/noticias.centromariodionisio.org\/index.php?rest_route=\/wp\/v2\/posts"}],"about":[{"href":"http:\/\/noticias.centromariodionisio.org\/index.php?rest_route=\/wp\/v2\/types\/post"}],"author":[{"embeddable":true,"href":"http:\/\/noticias.centromariodionisio.org\/index.php?rest_route=\/wp\/v2\/users\/1"}],"replies":[{"embeddable":true,"href":"http:\/\/noticias.centromariodionisio.org\/index.php?rest_route=%2Fwp%2Fv2%2Fcomments&post=6186"}],"version-history":[{"count":4,"href":"http:\/\/noticias.centromariodionisio.org\/index.php?rest_route=\/wp\/v2\/posts\/6186\/revisions"}],"predecessor-version":[{"id":6202,"href":"http:\/\/noticias.centromariodionisio.org\/index.php?rest_route=\/wp\/v2\/posts\/6186\/revisions\/6202"}],"wp:attachment":[{"href":"http:\/\/noticias.centromariodionisio.org\/index.php?rest_route=%2Fwp%2Fv2%2Fmedia&parent=6186"}],"wp:term":[{"taxonomy":"category","embeddable":true,"href":"http:\/\/noticias.centromariodionisio.org\/index.php?rest_route=%2Fwp%2Fv2%2Fcategories&post=6186"},{"taxonomy":"post_tag","embeddable":true,"href":"http:\/\/noticias.centromariodionisio.org\/index.php?rest_route=%2Fwp%2Fv2%2Ftags&post=6186"}],"curies":[{"name":"wp","href":"https:\/\/api.w.org\/{rel}","templated":true}]}}