{"id":6183,"date":"2019-05-10T16:13:25","date_gmt":"2019-05-10T16:13:25","guid":{"rendered":"http:\/\/noticias.centromariodionisio.org\/?p=6183"},"modified":"2019-05-13T15:11:13","modified_gmt":"2019-05-13T15:11:13","slug":"candido-portinari-do-cafezal-a-onu","status":"publish","type":"post","link":"http:\/\/noticias.centromariodionisio.org\/?p=6183","title":{"rendered":"CANDIDO PORTINARI:         DO CAFEZAL \u00c0 ONU"},"content":{"rendered":"\n<figure class=\"wp-block-image is-resized\"><img decoding=\"async\" loading=\"lazy\" src=\"http:\/\/noticias.centromariodionisio.org\/wp-content\/uploads\/cartaz-portinari-page-001-724x1024.jpg\" alt=\"\" class=\"wp-image-6184\" width=\"374\" height=\"529\" srcset=\"http:\/\/noticias.centromariodionisio.org\/wp-content\/uploads\/cartaz-portinari-page-001-724x1024.jpg 724w, http:\/\/noticias.centromariodionisio.org\/wp-content\/uploads\/cartaz-portinari-page-001-212x300.jpg 212w, http:\/\/noticias.centromariodionisio.org\/wp-content\/uploads\/cartaz-portinari-page-001-768x1086.jpg 768w, http:\/\/noticias.centromariodionisio.org\/wp-content\/uploads\/cartaz-portinari-page-001.jpg 1240w\" sizes=\"(max-width: 374px) 100vw, 374px\" \/><\/figure>\n\n\n\n<p>A palestra, de Jo\u00e3o Candido Portinari, se desdobra em tr\u00eas partes: a vida e obra de Portinari, o trabalho do Projeto Portinari e, sua mais recente iniciativa, o \u00abProjeto Guerra e Paz\u00bb.<\/p>\n\n\n\n<p>\u00abA coruscante trajet\u00f3ria art\u00edstica de Portinari come\u00e7a em um humilde povoado perdido nas imensas planta\u00e7\u00f5es de caf\u00e9 do Estado de S\u00e3o Paulo. Ap\u00f3s legar ao Pa\u00eds um retrato emocionado e grandioso, em mais de 5 mil obras, do povo, da vida e da alma brasileira, ela vai atingir o seu \u00e1pice nos monumentais  pain\u00e9is \u00abGuerra\u00bb e \u00abPaz\u00bb, presente do Brasil \u00e0 Organiza\u00e7\u00e3o das Na\u00e7\u00f5es Unidas.<\/p>\n\n\n\n<p>De fato Portinari pode bem ilustrar a famosa reflex\u00e3o do escritor russo Tolstoi: se queres ser universal, come\u00e7a por pintar a tua aldeia&#8230;<\/p>\n\n\n\n<p>Se Portinari retratou abundantemente os meninos e meninas de Brodowski, ao final pinta crian\u00e7as universais, como no coral de crian\u00e7as de todas as ra\u00e7as, que se destaca no mural \u00abPaz\u00bb. Se antes suas \u00abPiet\u00e1s\u00bb \u2014 da cl\u00e1ssica imag\u00edstica cat\u00f3lica, as m\u00e3es com o filho morto ao colo \u2014 s\u00e3o retirantes nordestinas, no mural \u00abGuerra\u00bb elas se transformam em m\u00e3es universais.<\/p>\n\n\n\n<p>Na segunda parte apresentamos o trabalho de 40 anos do Projeto Portinari, empenhado no levantamento, cataloga\u00e7\u00e3o, pesquisa e  disponibiliza\u00e7\u00e3o da obra e vida do pintor.<\/p>\n\n\n\n<p>A \u00faltima parte focaliza a sua iniciativa mais recente. Ap\u00f3s obter da ONU a guarda dos originais  \u00abGuerra\u00bb e \u00abPaz\u00bb durante o per\u00edodo 2010-2015, o Projeto Portinari trouxe a obra-prima do pintor para restauro e exposi\u00e7\u00e3o no Brasil, e em Paris, reinaugurando-os depois no grande plen\u00e1rio da Assembleia Geral das Na\u00e7\u00f5es Unidas, em 8 de setembro \u00faltimo, com o discurso inaugural proferido pelo Secret\u00e1rio Geral da Organiza\u00e7\u00e3o das Na\u00e7\u00f5es Unidas, Ban-Ki-Moon, no grande plen\u00e1rio da Assembl\u00e9ia Geral da ONU.\u00bb <\/p>\n\n\n\n<p><\/p>\n\n\n\n<p>Jo\u00e3o Candido Portinari <\/p>\n","protected":false},"excerpt":{"rendered":"<p>A palestra, de Jo\u00e3o Candido Portinari, se desdobra em tr\u00eas partes: a vida e obra de Portinari, o trabalho do Projeto Portinari e, sua mais recente iniciativa, o \u00abProjeto Guerra e Paz\u00bb. \u00abA coruscante trajet\u00f3ria art\u00edstica de Portinari come\u00e7a em um humilde povoado perdido nas imensas planta\u00e7\u00f5es de caf\u00e9 do Estado de S\u00e3o Paulo. Ap\u00f3s [&hellip;]<\/p>\n","protected":false},"author":1,"featured_media":0,"comment_status":"open","ping_status":"closed","sticky":false,"template":"","format":"standard","meta":[],"categories":[1],"tags":[],"_links":{"self":[{"href":"http:\/\/noticias.centromariodionisio.org\/index.php?rest_route=\/wp\/v2\/posts\/6183"}],"collection":[{"href":"http:\/\/noticias.centromariodionisio.org\/index.php?rest_route=\/wp\/v2\/posts"}],"about":[{"href":"http:\/\/noticias.centromariodionisio.org\/index.php?rest_route=\/wp\/v2\/types\/post"}],"author":[{"embeddable":true,"href":"http:\/\/noticias.centromariodionisio.org\/index.php?rest_route=\/wp\/v2\/users\/1"}],"replies":[{"embeddable":true,"href":"http:\/\/noticias.centromariodionisio.org\/index.php?rest_route=%2Fwp%2Fv2%2Fcomments&post=6183"}],"version-history":[{"count":2,"href":"http:\/\/noticias.centromariodionisio.org\/index.php?rest_route=\/wp\/v2\/posts\/6183\/revisions"}],"predecessor-version":[{"id":6198,"href":"http:\/\/noticias.centromariodionisio.org\/index.php?rest_route=\/wp\/v2\/posts\/6183\/revisions\/6198"}],"wp:attachment":[{"href":"http:\/\/noticias.centromariodionisio.org\/index.php?rest_route=%2Fwp%2Fv2%2Fmedia&parent=6183"}],"wp:term":[{"taxonomy":"category","embeddable":true,"href":"http:\/\/noticias.centromariodionisio.org\/index.php?rest_route=%2Fwp%2Fv2%2Fcategories&post=6183"},{"taxonomy":"post_tag","embeddable":true,"href":"http:\/\/noticias.centromariodionisio.org\/index.php?rest_route=%2Fwp%2Fv2%2Ftags&post=6183"}],"curies":[{"name":"wp","href":"https:\/\/api.w.org\/{rel}","templated":true}]}}