{"id":5455,"date":"2016-01-11T14:10:52","date_gmt":"2016-01-11T14:10:52","guid":{"rendered":"http:\/\/noticias.centromariodionisio.org\/?p=5455"},"modified":"2016-01-11T14:10:52","modified_gmt":"2016-01-11T14:10:52","slug":"vamos-cantar-as-janeiras","status":"publish","type":"post","link":"http:\/\/noticias.centromariodionisio.org\/?p=5455","title":{"rendered":"Vamos cantar as Janeiras!"},"content":{"rendered":"<p>No passado dia 6 de Janeiro, o coro da Achada, que costuma ensaiar \u00e0s quartas-feiras \u00e0 noite, andou pelas ruas do bairro a cantar as Janeiras. O percurso foi vivo, gente se foi juntando, v\u00e1rias garrafas de vinho foram oferecidas \u00e0 malta, pass\u00e1mos um pouco mais de tempo nas associa\u00e7\u00f5es Grupo Gente Nova e na Renovar a Mouraria. Que em 2016 nos continuemos a juntar e a cantar por esses quintais adentro, para que caia o Rei-Milh\u00e3o, nem que chovam picaretas!<\/p>\n<blockquote><p>J\u00e1 nos cansa esta lonjura<br \/>\nJ\u00e1 nos cansa esta lonjura<br \/>\nS\u00f3 se lembra dos caminhos velhos<br \/>\nQuem anda \u00e0 noite \u00e0 ventura<\/p><\/blockquote>\n\n\t\t<style type=\"text\/css\">\n\t\t\t#gallery-1 {\n\t\t\t\tmargin: auto;\n\t\t\t}\n\t\t\t#gallery-1 .gallery-item {\n\t\t\t\tfloat: left;\n\t\t\t\tmargin-top: 10px;\n\t\t\t\ttext-align: center;\n\t\t\t\twidth: 33%;\n\t\t\t}\n\t\t\t#gallery-1 img {\n\t\t\t\tborder: 2px solid #cfcfcf;\n\t\t\t}\n\t\t\t#gallery-1 .gallery-caption {\n\t\t\t\tmargin-left: 0;\n\t\t\t}\n\t\t\t\/* see gallery_shortcode() in wp-includes\/media.php *\/\n\t\t<\/style>\n\t\t<div id='gallery-1' class='gallery galleryid-5455 gallery-columns-3 gallery-size-medium'><dl class='gallery-item'>\n\t\t\t<dt class='gallery-icon landscape'>\n\t\t\t\t<a href='http:\/\/noticias.centromariodionisio.org\/wp-content\/uploads\/DSCN7775.jpg'><img width=\"300\" height=\"225\" src=\"http:\/\/noticias.centromariodionisio.org\/wp-content\/uploads\/DSCN7775-300x225.jpg\" class=\"attachment-medium size-medium\" alt=\"\" decoding=\"async\" loading=\"lazy\" srcset=\"http:\/\/noticias.centromariodionisio.org\/wp-content\/uploads\/DSCN7775-300x225.jpg 300w, http:\/\/noticias.centromariodionisio.org\/wp-content\/uploads\/DSCN7775.jpg 1024w\" sizes=\"(max-width: 300px) 100vw, 300px\" \/><\/a>\n\t\t\t<\/dt><\/dl><dl class='gallery-item'>\n\t\t\t<dt class='gallery-icon landscape'>\n\t\t\t\t<a href='http:\/\/noticias.centromariodionisio.org\/wp-content\/uploads\/DSCN7779.jpg'><img width=\"300\" height=\"225\" src=\"http:\/\/noticias.centromariodionisio.org\/wp-content\/uploads\/DSCN7779-300x225.jpg\" class=\"attachment-medium size-medium\" alt=\"\" decoding=\"async\" loading=\"lazy\" srcset=\"http:\/\/noticias.centromariodionisio.org\/wp-content\/uploads\/DSCN7779-300x225.jpg 300w, http:\/\/noticias.centromariodionisio.org\/wp-content\/uploads\/DSCN7779.jpg 1024w\" sizes=\"(max-width: 300px) 100vw, 300px\" \/><\/a>\n\t\t\t<\/dt><\/dl><dl class='gallery-item'>\n\t\t\t<dt class='gallery-icon landscape'>\n\t\t\t\t<a href='http:\/\/noticias.centromariodionisio.org\/wp-content\/uploads\/DSCN7786.jpg'><img width=\"300\" height=\"225\" src=\"http:\/\/noticias.centromariodionisio.org\/wp-content\/uploads\/DSCN7786-300x225.jpg\" class=\"attachment-medium size-medium\" alt=\"\" decoding=\"async\" loading=\"lazy\" srcset=\"http:\/\/noticias.centromariodionisio.org\/wp-content\/uploads\/DSCN7786-300x225.jpg 300w, http:\/\/noticias.centromariodionisio.org\/wp-content\/uploads\/DSCN7786.jpg 1024w\" sizes=\"(max-width: 300px) 100vw, 300px\" \/><\/a>\n\t\t\t<\/dt><\/dl><br style=\"clear: both\" \/>\n\t\t<\/div>\n\n","protected":false},"excerpt":{"rendered":"<p>No passado dia 6 de Janeiro, o coro da Achada, que costuma ensaiar \u00e0s quartas-feiras \u00e0 noite, andou pelas ruas do bairro a cantar as Janeiras. O percurso foi vivo, gente se foi juntando, v\u00e1rias garrafas de vinho foram oferecidas \u00e0 malta, pass\u00e1mos um pouco mais de tempo nas associa\u00e7\u00f5es Grupo Gente Nova e na [&hellip;]<\/p>\n","protected":false},"author":1,"featured_media":0,"comment_status":"open","ping_status":"closed","sticky":false,"template":"","format":"standard","meta":[],"categories":[1],"tags":[],"_links":{"self":[{"href":"http:\/\/noticias.centromariodionisio.org\/index.php?rest_route=\/wp\/v2\/posts\/5455"}],"collection":[{"href":"http:\/\/noticias.centromariodionisio.org\/index.php?rest_route=\/wp\/v2\/posts"}],"about":[{"href":"http:\/\/noticias.centromariodionisio.org\/index.php?rest_route=\/wp\/v2\/types\/post"}],"author":[{"embeddable":true,"href":"http:\/\/noticias.centromariodionisio.org\/index.php?rest_route=\/wp\/v2\/users\/1"}],"replies":[{"embeddable":true,"href":"http:\/\/noticias.centromariodionisio.org\/index.php?rest_route=%2Fwp%2Fv2%2Fcomments&post=5455"}],"version-history":[{"count":6,"href":"http:\/\/noticias.centromariodionisio.org\/index.php?rest_route=\/wp\/v2\/posts\/5455\/revisions"}],"predecessor-version":[{"id":5464,"href":"http:\/\/noticias.centromariodionisio.org\/index.php?rest_route=\/wp\/v2\/posts\/5455\/revisions\/5464"}],"wp:attachment":[{"href":"http:\/\/noticias.centromariodionisio.org\/index.php?rest_route=%2Fwp%2Fv2%2Fmedia&parent=5455"}],"wp:term":[{"taxonomy":"category","embeddable":true,"href":"http:\/\/noticias.centromariodionisio.org\/index.php?rest_route=%2Fwp%2Fv2%2Fcategories&post=5455"},{"taxonomy":"post_tag","embeddable":true,"href":"http:\/\/noticias.centromariodionisio.org\/index.php?rest_route=%2Fwp%2Fv2%2Ftags&post=5455"}],"curies":[{"name":"wp","href":"https:\/\/api.w.org\/{rel}","templated":true}]}}