{"id":5424,"date":"2016-01-04T15:22:41","date_gmt":"2016-01-04T15:22:41","guid":{"rendered":"http:\/\/noticias.centromariodionisio.org\/?p=5424"},"modified":"2016-01-04T15:45:57","modified_gmt":"2016-01-04T15:45:57","slug":"em-janeiro-ciclo-conflito-e-unidade-da-arte-contemporanea","status":"publish","type":"post","link":"http:\/\/noticias.centromariodionisio.org\/?p=5424","title":{"rendered":"Em Janeiro: Ciclo Conflito e unidade da arte contempor\u00e2nea"},"content":{"rendered":"<p>Para come\u00e7ar o ano, e ao longo de tr\u00eas meses, vamos voltar a ler a confer\u00eancia <strong>Conflito e unidade da arte contempor\u00e2nea<\/strong> de M\u00e1rio Dion\u00edsio e partir dela para uma s\u00e9rie de sess\u00f5es, conversas, oficinas, um ciclo de cinema que mostra rupturas&#8230; Venham ouvir, ver, fazer, falar, participar.<\/p>\n<p>Aqui vos deixamos o programa para Janeiro.<\/p>\n<div class=\"yiv4242566686\"><\/div>\n<p style=\"text-align: center;\"><span style=\"color: #000080;\"><strong>A arte do nosso tempo n\u00e3o \u00e9 apenas um problema dos artistas, mas de toda a sociedade.<\/strong><\/span><br \/>\n<span style=\"color: #000080;\"> <strong> Terreno de conflito, de incompreens\u00e3o, de luta incessante,<\/strong><\/span><br \/>\n<span style=\"color: #000080;\"> <strong> mas tamb\u00e9m de encontros, descobertas e novas unidades.<\/strong><\/span><br \/>\n<span style=\"color: #000080;\"> <strong> A arte e os modos de a produzir, receber e pensar<\/strong><\/span><br \/>\n<span style=\"color: #000080;\"> <strong> n\u00e3o est\u00e3o desligados das quest\u00f5es que mais profundamente nos preocupam hoje,<\/strong><\/span><br \/>\n<span style=\"color: #000080;\"> <strong> num mundo violento, complexo e dividido.<\/strong><\/span><\/p>\n<p style=\"text-align: center;\"><span style=\"color: #000080;\"><strong>Em 1957 M\u00e1rio Dion\u00edsio escreveu o ensaio <em><span id=\"yiv4242566686yui_3_16_0_1_1451344136984_17253\" class=\"yiv4242566686\">Conflito e unidade da arte contempor\u00e2nea<br \/>\n<\/span><\/em>e disse-o em voz alta numa confer\u00eancia marcante, profunda e pol\u00e9mica.<\/strong><\/span><br \/>\n<span style=\"color: #000080;\"> <strong> A Casa da Achada reeditou h\u00e1 pouco o texto desta confer\u00eancia,<\/strong><\/span><br \/>\n<span style=\"color: #000080;\"> <strong> escrita ao mesmo tempo que M\u00e1rio Dion\u00edsio<br \/>\nlan\u00e7ava o seu grande ensaio sobre arte e sociedade,<\/strong><strong> <em><span id=\"yiv4242566686yui_3_16_0_1_1451344136984_17255\" class=\"yiv4242566686\">A paleta e o mundo<\/span><\/em>.<\/strong><\/span><\/p>\n<p style=\"text-align: center;\"><span style=\"color: #000080;\"><strong>Decidimos dedicar estes tr\u00eas meses \u00e0quele ensaio t\u00e3o rico, t\u00e3o prof\u00edcuo e t\u00e3o actual<\/strong><\/span><br \/>\n<span style=\"color: #000080;\"> <strong> que nos desafia tamb\u00e9m hoje a reflectir sobre as sociedades e as sensibilidades humanas.<\/strong><\/span><br \/>\n<span style=\"color: #000080;\"> <strong> Para pensar a arte contempor\u00e2nea n\u00e3o como uma quest\u00e3o de especialistas<\/strong><\/span><br \/>\n<span style=\"color: #000080;\"> <strong> mas como qualquer coisa que nos diz respeito,<br \/>\nafecta, perturba, interroga, inquieta e desperta.<\/strong><\/span><br \/>\n<span style=\"color: #000080;\"> <strong> Para entender as cores com que se pinta o mundo de hoje. E para o transformar.<\/strong><\/span><\/p>\n<p><span style=\"color: #000080;\"><strong>\u00ab&#8230;s\u00f3 o que se espera ardentemente nos chama, sobretudo nas \u00e9pocas de perplexidade, onde a for\u00e7a da desilus\u00e3o e do desencanto n\u00e3o \u00e9 compar\u00e1vel sen\u00e3o \u00e0 da expectativa renovada de que n\u00e3o sabemos desistir.\u00bb<\/strong><\/span><\/p>\n<div class=\"yiv4242566686\" style=\"text-align: right;\"><span style=\"color: #000080;\"><strong>M\u00e1rio Dion\u00edsio, Conflito e unidade da arte contempor\u00e2nea<\/strong><\/span><\/div>\n<div id=\"yiv4242566686yui_3_16_0_1_1451344136984_17265\" class=\"yiv4242566686\" align=\"right\"><\/div>\n<div class=\"yiv4242566686\" align=\"right\">\n<p><a href=\"http:\/\/noticias.centromariodionisio.org\/wp-content\/uploads\/Ciclo-CUAC-Janeiro-final.jpg\"><img decoding=\"async\" loading=\"lazy\" class=\"wp-image-5425 alignleft\" src=\"http:\/\/noticias.centromariodionisio.org\/wp-content\/uploads\/Ciclo-CUAC-Janeiro-final-724x1024.jpg\" alt=\"Ciclo CUAC - Janeiro final\" width=\"500\" height=\"707\" srcset=\"http:\/\/noticias.centromariodionisio.org\/wp-content\/uploads\/Ciclo-CUAC-Janeiro-final-724x1024.jpg 724w, http:\/\/noticias.centromariodionisio.org\/wp-content\/uploads\/Ciclo-CUAC-Janeiro-final-212x300.jpg 212w\" sizes=\"(max-width: 500px) 100vw, 500px\" \/><\/a><\/p>\n<\/div>\n","protected":false},"excerpt":{"rendered":"<p>Para come\u00e7ar o ano, e ao longo de tr\u00eas meses, vamos voltar a ler a confer\u00eancia Conflito e unidade da arte contempor\u00e2nea de M\u00e1rio Dion\u00edsio e partir dela para uma s\u00e9rie de sess\u00f5es, conversas, oficinas, um ciclo de cinema que mostra rupturas&#8230; Venham ouvir, ver, fazer, falar, participar. Aqui vos deixamos o programa para Janeiro. [&hellip;]<\/p>\n","protected":false},"author":1,"featured_media":0,"comment_status":"open","ping_status":"closed","sticky":false,"template":"","format":"standard","meta":[],"categories":[1],"tags":[],"_links":{"self":[{"href":"http:\/\/noticias.centromariodionisio.org\/index.php?rest_route=\/wp\/v2\/posts\/5424"}],"collection":[{"href":"http:\/\/noticias.centromariodionisio.org\/index.php?rest_route=\/wp\/v2\/posts"}],"about":[{"href":"http:\/\/noticias.centromariodionisio.org\/index.php?rest_route=\/wp\/v2\/types\/post"}],"author":[{"embeddable":true,"href":"http:\/\/noticias.centromariodionisio.org\/index.php?rest_route=\/wp\/v2\/users\/1"}],"replies":[{"embeddable":true,"href":"http:\/\/noticias.centromariodionisio.org\/index.php?rest_route=%2Fwp%2Fv2%2Fcomments&post=5424"}],"version-history":[{"count":29,"href":"http:\/\/noticias.centromariodionisio.org\/index.php?rest_route=\/wp\/v2\/posts\/5424\/revisions"}],"predecessor-version":[{"id":5454,"href":"http:\/\/noticias.centromariodionisio.org\/index.php?rest_route=\/wp\/v2\/posts\/5424\/revisions\/5454"}],"wp:attachment":[{"href":"http:\/\/noticias.centromariodionisio.org\/index.php?rest_route=%2Fwp%2Fv2%2Fmedia&parent=5424"}],"wp:term":[{"taxonomy":"category","embeddable":true,"href":"http:\/\/noticias.centromariodionisio.org\/index.php?rest_route=%2Fwp%2Fv2%2Fcategories&post=5424"},{"taxonomy":"post_tag","embeddable":true,"href":"http:\/\/noticias.centromariodionisio.org\/index.php?rest_route=%2Fwp%2Fv2%2Ftags&post=5424"}],"curies":[{"name":"wp","href":"https:\/\/api.w.org\/{rel}","templated":true}]}}