{"id":5419,"date":"2015-12-21T18:57:54","date_gmt":"2015-12-21T18:57:54","guid":{"rendered":"http:\/\/noticias.centromariodionisio.org\/?p=5419"},"modified":"2016-03-24T17:05:58","modified_gmt":"2016-03-24T17:05:58","slug":"novidades-do-congresso-internacional-mario-dionisio","status":"publish","type":"post","link":"http:\/\/noticias.centromariodionisio.org\/?p=5419","title":{"rendered":"Nova circular do Congresso Internacional M\u00e1rio Dion\u00edsio"},"content":{"rendered":"<p style=\"text-align: center;\"><strong>Congresso Internacional M\u00e1rio Dion\u00edsio<\/strong><br \/>\nno centen\u00e1rio do seu nascimento<br \/>\n<strong>27-30 de Outubro de 2016<\/strong><\/p>\n<p style=\"text-align: center;\"><strong>\u201cComo uma pedra no sil\u00eancio\u2026\u201d<\/strong><\/p>\n<p>O Projecto Sinestesia do Centro de Estudos Comparatistas da Faculdade de Letras da Universidade de Lisboa, em colabora\u00e7\u00e3o com a Casa da Achada-Centro M\u00e1rio Dion\u00edsio, o Museu do Neo-Realismo e a Associa\u00e7\u00e3o Promotora do Museu do Neo-Realismo, vai levar a efeito um Congresso Internacional sobre a vida e a obra de M\u00e1rio Dion\u00edsio, de 27 a 30 de Outubro de 2016.<\/p>\n<p>Os que se t\u00eam dedicado ao estudo da sua interven\u00e7\u00e3o liter\u00e1ria, art\u00edstica, pedag\u00f3gica e pol\u00edtica, e aqueles que desejem pela primeira vez abordar este estudo, s\u00e3o convidados a apresentar trabalhos neste encontro. <strong>Os interessados dever\u00e3o enviar uma proposta de comunica\u00e7\u00e3o (resumo de 10 a 15 linhas), acompanhada de um breve <em>curriculum vitae<\/em> (m\u00e1ximo 1 p\u00e1gina), at\u00e9 ao dia 31 de Janeiro de 2016 <span style=\"color: #ff0000;\">[o prazo foi prolongado at\u00e9 29 de Fevereiro de 2016]<\/span>, para o endere\u00e7o do Centro de Estudos Comparatistas: cec@letras.ulisboa.pt<\/strong>. As propostas ser\u00e3o apreciadas pela Comiss\u00e3o Organizadora e os resultados divulgados at\u00e9 31 de Mar\u00e7o de 2016.<\/p>\n<p>Inscri\u00e7\u00f5es: 30 euros; 15 euros para estudantes. L\u00ednguas do Congresso: Portugu\u00eas, Franc\u00eas, Ingl\u00eas.<\/p>\n<p>A Comiss\u00e3o Organizadora encoraja comunica\u00e7\u00f5es sobre as diversas \u00e1reas do conhecimento abordadas por M\u00e1rio Dion\u00edsio durante a sua vida e na sua obra, com especial destaque para as que articulem alguns desses aspectos entre si:<\/p>\n<p><strong>1.<\/strong> vida e interven\u00e7\u00e3o (actividade cr\u00edtica, colabora\u00e7\u00e3o em jornais, interven\u00e7\u00e3o pol\u00edtica, rela\u00e7\u00e3o com grupos e movimentos do seu tempo, neo-realismo&#8230;)<br \/>\n<strong>2.<\/strong> literatura (poesia, conto, romance, ensaio, cr\u00edtica liter\u00e1ria, neo-realismo&#8230;)<br \/>\n<strong>3.<\/strong> pintura (obra pict\u00f3rica, rela\u00e7\u00f5es entre as artes&#8230;)<br \/>\n<strong>4.<\/strong> pensamento sobre as artes (ensaios, cr\u00edtica de arte&#8230;)<br \/>\n<strong>5.<\/strong> ensino e pedagogia (percurso, actua\u00e7\u00e3o p\u00fablica na orienta\u00e7\u00e3o do ensino ap\u00f3s o 25 de Abril, textos sobre pedagogia&#8230;)<\/p>\n<p>Tendo em vista os leitores em geral e os objectivos deste congresso em particular, a Casa da Achada-Centro M\u00e1rio Dion\u00edsio acaba de editar <em>Para uma bibliografia de M\u00e1rio Dion\u00edsio<\/em>, uma recolha bibliogr\u00e1fica actualizada e exaustiva, com materiais do seu arquivo. Esta edi\u00e7\u00e3o est\u00e1 dispon\u00edvel para venda na Casa da Achada-Centro M\u00e1rio Dion\u00edsio e est\u00e1 <em>on-line<\/em> no s\u00edtio <a href=\"http:\/\/www.centromariodionisio.org\/bibliografia_indice.php\">aqui<\/a>.<\/p>\n<p><strong>Comiss\u00e3o organizadora:<\/strong><br \/>\nKelly Bas\u00edlio (Centro de Estudos Comparatistas-Universidade de Lisboa); Paula Mendes Coelho (Centro de Estudos Comparatistas-Universidade Aberta); Diana Dion\u00edsio, Pedro Rodrigues (Casa da Achada-Centro M\u00e1rio Dion\u00edsio); Ant\u00f3nio Pedro Pita (Museu do Neo-Realismo-Universidade de Coimbra); Ant\u00f3nio Mota Redol (Associa\u00e7\u00e3o Promotora do Museu do Neo-Realismo); Maria Alzira Seixo (Centro de Estudos Comparatistas-Universidade de Lisboa).<\/p>\n<p><strong>Coordena\u00e7\u00e3o cient\u00edfica:<\/strong><br \/>\nKelly Bas\u00edlio (Presidente)<br \/>\nPaula Mendes Coelho (Vice-presidente)<\/p>\n<p><strong>Comiss\u00e3o de honra:<\/strong><br \/>\nArnaldo Saraiva (Univ. Porto); Carlos Mendes de Sousa (Univ. Minho); Carlos Reis (Univ. Coimbra); Catherine Dumas (Univ. Sorbonne-Paris III); Daniel-Henri Pageaux (Univ. Sorbonne- Paris IV) ; David Santos (Historiador de Arte); Eduardo Louren\u00e7o (F. Gulbenkian); Gast\u00e3o Cruz (Escritor); Ida Ferreira Alves (Univ. Federal Fluminense, Niter\u00f3i); Isabel Pires de Lima (Univ. Porto); Jo\u00e3o Dion\u00edsio (Univ. Lisboa); Jorge Silva Melo (Actor); Jos\u00e9 Alberto Machado (Univ. \u00c9vora); Jos\u00e9 Carlos de Vasconcelos (Escritor); Jos\u00e9 Carlos Seabra Pereira (Univ. Coimbra); Jos\u00e9 Jorge Letria (Escritor); Jos\u00e9 Manuel Esteves (Univ. Paris-Nanterre); Jos\u00e9 Manuel Mendes (Escritor); J\u00falio Pomar (Pintor); Liberto Cruz (Escritor); Manuel Gusm\u00e3o (Univ. Lisboa); Margarida Acciaiuoli, (Univ. Nova de Lisboa); Maria Jo\u00e3o Brilhante (Univ. Lisboa); M\u00e1rio Cl\u00e1udio (Escritor); Nuno J\u00fadice (Escritor); Osvaldo Silvestre (Univ. Coimbra); Rui Can\u00e1rio (Univ. Lisboa); S\u00edlvia Chic\u00f3 (Univ. Lisboa); V\u00edtor Serr\u00e3o (Univ. Lisboa).<\/p>\n","protected":false},"excerpt":{"rendered":"<p>Congresso Internacional M\u00e1rio Dion\u00edsio no centen\u00e1rio do seu nascimento 27-30 de Outubro de 2016 \u201cComo uma pedra no sil\u00eancio\u2026\u201d O Projecto Sinestesia do Centro de Estudos Comparatistas da Faculdade de Letras da Universidade de Lisboa, em colabora\u00e7\u00e3o com a Casa da Achada-Centro M\u00e1rio Dion\u00edsio, o Museu do Neo-Realismo e a Associa\u00e7\u00e3o Promotora do Museu do [&hellip;]<\/p>\n","protected":false},"author":1,"featured_media":0,"comment_status":"open","ping_status":"closed","sticky":false,"template":"","format":"standard","meta":[],"categories":[1],"tags":[],"_links":{"self":[{"href":"http:\/\/noticias.centromariodionisio.org\/index.php?rest_route=\/wp\/v2\/posts\/5419"}],"collection":[{"href":"http:\/\/noticias.centromariodionisio.org\/index.php?rest_route=\/wp\/v2\/posts"}],"about":[{"href":"http:\/\/noticias.centromariodionisio.org\/index.php?rest_route=\/wp\/v2\/types\/post"}],"author":[{"embeddable":true,"href":"http:\/\/noticias.centromariodionisio.org\/index.php?rest_route=\/wp\/v2\/users\/1"}],"replies":[{"embeddable":true,"href":"http:\/\/noticias.centromariodionisio.org\/index.php?rest_route=%2Fwp%2Fv2%2Fcomments&post=5419"}],"version-history":[{"count":7,"href":"http:\/\/noticias.centromariodionisio.org\/index.php?rest_route=\/wp\/v2\/posts\/5419\/revisions"}],"predecessor-version":[{"id":5513,"href":"http:\/\/noticias.centromariodionisio.org\/index.php?rest_route=\/wp\/v2\/posts\/5419\/revisions\/5513"}],"wp:attachment":[{"href":"http:\/\/noticias.centromariodionisio.org\/index.php?rest_route=%2Fwp%2Fv2%2Fmedia&parent=5419"}],"wp:term":[{"taxonomy":"category","embeddable":true,"href":"http:\/\/noticias.centromariodionisio.org\/index.php?rest_route=%2Fwp%2Fv2%2Fcategories&post=5419"},{"taxonomy":"post_tag","embeddable":true,"href":"http:\/\/noticias.centromariodionisio.org\/index.php?rest_route=%2Fwp%2Fv2%2Ftags&post=5419"}],"curies":[{"name":"wp","href":"https:\/\/api.w.org\/{rel}","templated":true}]}}