{"id":5414,"date":"2015-12-07T16:37:32","date_gmt":"2015-12-07T16:37:32","guid":{"rendered":"http:\/\/noticias.centromariodionisio.org\/?p=5414"},"modified":"2015-12-07T16:37:56","modified_gmt":"2015-12-07T16:37:56","slug":"ja-nao-ha-papel","status":"publish","type":"post","link":"http:\/\/noticias.centromariodionisio.org\/?p=5414","title":{"rendered":"J\u00c1 N\u00c3O H\u00c1 PAPEL!"},"content":{"rendered":"<p><a href=\"http:\/\/noticias.centromariodionisio.org\/wp-content\/uploads\/J\u00e1-n\u00e3o-h\u00e1-papel-.jpg\"><img decoding=\"async\" loading=\"lazy\" class=\"aligncenter wp-image-5415\" src=\"http:\/\/noticias.centromariodionisio.org\/wp-content\/uploads\/J\u00e1-n\u00e3o-h\u00e1-papel-.jpg\" alt=\"J\u00e1 n\u00e3o h\u00e1 papel-\" width=\"471\" height=\"791\" \/><\/a><\/p>\n<p><strong>Venham ver e conviver, ouvir e conversar, participar e ajudar a exist\u00eancia por mais um ano da Casa da Achada \u2013 Centro M\u00e1rio Dion\u00edsio<\/strong>. E levar prendas para as festas\u2026 <strong>O programa completo est\u00e1 mais abaixo<\/strong>.<\/p>\n<p>\u00c9 um fim-de-semana grande na Casa da Achada, com actividades, sess\u00f5es p\u00fablicas e vendas. H\u00e1 descontos especiais nas nossas edi\u00e7\u00f5es, obras de arte \u00e0 venda com pre\u00e7os simp\u00e1ticos e o sorteio de um quadro para nos ajudar a restaurar um outro.<\/p>\n<p>O fim-de-semana inclui ainda v\u00e1rias sess\u00f5es do ciclo \u00abEscola para que te quero?\u00bb, pois a Casa da Achada tem andado estes tr\u00eas meses a debater as escolas, a questionar a educa\u00e7\u00e3o e a entender a aprendizagem de diferentes pontos de vista. A exposi\u00e7\u00e3o ainda fica, mas merece uma visita atenta para pensar estes assuntos. Haver\u00e1 tamb\u00e9m uma sess\u00e3o de historietas feita por um amigo da casa (sobre escolas, precisamente) e uma sess\u00e3o de can\u00e7\u00f5es cr\u00edticas da escola.<\/p>\n<p>Para al\u00e9m de tudo isto, h\u00e1 uma oficina de brinquedos (para fazer) e actua\u00e7\u00f5es do Grupo de Teatro Comunit\u00e1rio e do Coro da Achada. E at\u00e9 se come um bolinho\u2026<br \/>\nAparece e traz um amigo!<\/p>\n<p><span class=\"fsl\"><strong>\/\/ Quinta-feira, 10 de Dezembro:<br \/>\n&#8211; 18H30 &#8211; TARAS e MANIAS DAS ACADEMIAS<\/strong><br \/>\n<strong>com Cria&#8217;ctividade, Jorge Ramos do \u00d3 e Paula Godinho<\/strong><br \/>\nEsta n\u00e3o \u00e9 s\u00f3 uma sess\u00e3o sobre praxes. \u00c9 uma conversa sobre todo <strong>um modo de estar na universidade<\/strong>: as aberturas dos anos acad\u00e9micos, os bailes de finalistas, os trajes dos professores, o formalismo do \u00absenhor doutor\u00bb, as apresenta\u00e7\u00f5es de teses de mestrado e doutoramento, o enaltecimento da universidade como local de elite e exig\u00eancia, o obscurantismo das praxes, a hierarquiza\u00e7\u00e3o piramidal, os discursos da excel\u00eancia, a organiza\u00e7\u00e3o estudantil, a rela\u00e7\u00e3o de professores com os alunos \u2013 e dos alunos com os professores \u2013 dentro e fora das salas de aula, as can\u00e7\u00f5es das tunas\u2026 <\/span><\/p>\n<p>Numa universidade preocupada com <i>rankings<\/i> e com a internacionaliza\u00e7\u00e3o, com a publica\u00e7\u00e3o constante <i>papers<\/i> e relat\u00f3rios, na era do mercado de c\u00e9rebros e da projec\u00e7\u00e3o de <i>powerpoints<\/i>, que tem alterado significativamente os discursos na academia, <strong>o que fica da institui\u00e7\u00e3o fechada sobre si mesma?<\/strong> E como \u00e9 que este sistema simb\u00f3lico e pr\u00e1tico, cheio de rituais e de maneiras de estar, inscrito, em parte, numa suposta tradi\u00e7\u00e3o, se insere e contribui para <strong>uma esp\u00e9cie de identidade universit\u00e1ria de e para alguns<\/strong>?<\/p>\n<p>Para esta conversa junt\u00e1mos gente do <strong><a href=\"http:\/\/criactividade.pt\/\">Cria\u2019ctividade<\/a><\/strong>, que organiza a semana de integra\u00e7\u00e3o alternativa \u00e0 praxe em Coimbra, <strong>Jorge Ramos do \u00d3<\/strong>, historiador da educa\u00e7\u00e3o, e<strong> Paula Godinho<\/strong>, antrop\u00f3loga que tem estudado cerim\u00f3nias, comemora\u00e7\u00f5es e rituais.<\/p>\n<p><strong>\/\/ Sexta-feira, 11 de Dezembro:<br \/>\n&#8211; 18H30 &#8211; CAN\u00c7\u00d5ES COM ESCOLAS L\u00c1 DENTRO<br \/>\n<\/strong><strong>com Pedro Rodrigues, Toni e Youri Paiva<br \/>\n<\/strong>A escola \u00e9 um tema muito explorado na m\u00fasica\u00a0popular. Existem\u00a0in\u00fameras can\u00e7\u00f5es\u00a0cr\u00edticas da escola, contra o autoritarismo dos professores ou os muros da escola. Noutras imagina-se uma escola diferente, outra aprendizagem, noutra sociedade.\u00a0<strong>Pedro Rodrigues, Toni e Youri Paiva andaram a pensar no assunto e v\u00e3o falar-nos sobre (e dar-nos a ouvir) algumas can\u00e7\u00f5es com escolas l\u00e1 dentro<\/strong>.<br \/>\n<strong>\/\/ S\u00e1bado, 12 de Dezembro:<br \/>\n&#8211; 12H &#8211; VISITA GUIADA \u00c0 EXPOSI\u00c7\u00c3O \u00abESCOLAS: REAPRENDER E ENSINAR\u00bb<br \/>\npor Eduarda Dion\u00edsio<br \/>\n<\/strong>Atrav\u00e9s de documentos e imagens in\u00e9ditos, tra\u00e7amos o percurso singular de dois professores que tamb\u00e9m foram alunos antes e depois do 25 de Abril. <strong>M\u00e1rio Dion\u00edsio e Maria Let\u00edcia Clemente da Silva estiveram ligados ao ensino, deram aulas em v\u00e1rios liceus de Lisboa, e empenharam-se em tornar a escola um lugar de efectiva forma\u00e7\u00e3o dos jovens.<\/strong> O que pensavam sobre educa\u00e7\u00e3o e como punham em pr\u00e1tica as suas ideias, muito diferentes das que, durante d\u00e9cadas, foram impostas a professores e alunos pelo antigo regime? <strong>Uma exposi\u00e7\u00e3o que nos ajudar\u00e1 a pensar os problemas das escolas hoje.<\/strong><strong><br \/>\n<\/strong><br \/>\n<strong>&#8211; 16H &#8211; CANTA O CORO DA ACHADA<\/strong><br \/>\nO <strong><a href=\"http:\/\/centromariodionisio.org\/casadaachada_coro.php\">Coro da Achada<\/a><\/strong> preparou uma s\u00e9rie de <strong>can\u00e7\u00f5es a pensar na escola<\/strong> para mostrar nesta ocasi\u00e3o. Tens de ir \u00e0 escola para aprender? N\u00e3o, se for para nos meterem em pequenas caixinhas.<\/p>\n<p><strong>&#8211; 17H30 &#8211; HISTORIETAS DA ESCOLA<br \/>\ncom Pitum Keil do Amaral<\/strong><br \/>\nNas v\u00e1rias escolas por onde pass\u00e1mos \u2013 ou pelas quais andamos a passar ou ainda iremos passar \u2013<strong> h\u00e1 sempre historietas curiosas e engra\u00e7adas para contar<\/strong>. Aquele professor que dizia \u00abpois, mas reparem\u00bb 1023 vezes na aula, aquele colega que fazia colec\u00e7\u00e3o de carac\u00f3is e os levava para a aula, aquela \u00e1rvore onde se podia namorar \u00ab\u00e0s escondidas\u00bb. Pois, mas reparem, a escola n\u00e3o \u00e9 s\u00f3 local de aprendizagens e de desaprendizagens, \u00e9 tamb\u00e9m uma enorme concentra\u00e7\u00e3o de hist\u00f3rias e historietas. O <strong>Pitum Keil do Amaral reuniu algumas das suas perip\u00e9cias e convida todos os que quiserem para virem partilhar as suas<\/strong>.<\/p>\n<p><strong>&#8211; 19H &#8211; O GRUPO DE TEATRO DA CASA DA ACHADA<br \/>\napresenta \u00abM\u00c3OS COM INQUIETA\u00c7\u00d5ES\u00bb<\/strong><br \/>\n<strong>\u00abM\u00e3os com Inquieta\u00e7\u00f5es\u00bb<\/strong> \u00e9 um espect\u00e1culo colectivo <strong>criado a partir de dois poemas de M\u00e1rio Dion\u00edsio<\/strong> (\u00abPior que n\u00e3o cantar\u00bb e \u00abSolidariedade\u00bb), do texto (\u00abM\u00e3os cheias\u00bb) de <strong>Concei\u00e7\u00e3o Lopes<\/strong>, de um excerto do texto <em><strong>A M\u00e3e<\/strong><\/em> da Comuna Teatro de Pesquisa, de 1977 (a partir de Bertolt Brecht), e algumas inquieta\u00e7\u00f5es e outras ideias \u00e0 volta das m\u00e3os (e dos p\u00e9s), passando e sendo contagiados tamb\u00e9m pelo poema de <strong>Regina Guimar\u00e3es<\/strong> (\u00abM\u00e3os vazias \u00e0s M\u00e3os cheias\u00bb) e pelo poema de <strong>Jos\u00e9 Frade<\/strong> (\u00abPoder\u00bb), sendo tudo pautado pela <strong>m\u00fasica do Balanescu Quartet<\/strong> com uma pequena interven\u00e7\u00e3o pelo meio de <strong>Arvo P\u00e4rt<\/strong>.<\/p>\n<p>Perseguimos a ideia de fazer um trabalho colectivo que vive das presen\u00e7as e das aus\u00eancias daqueles que lhe d\u00e3o corpo, das suas necessidades e dificuldades, das suas raivas e ang\u00fastias, das suas alegrias e tristezas, mas sobretudo da sua vontade de querer fazer.<\/p>\n<p>Falamos e mostramos as nossas m\u00e3os como quem d\u00e1 e interroga. Tudo podemos fazer e desfazer com as nossas m\u00e3os.<\/p>\n<p><strong>\/\/ Domingo, 13 de Dezembro:<br \/>\n&#8211; 11H &#8211; AUDI\u00c7\u00c3O DA GRAVA\u00c7\u00c3O DE \u00abA LUTA CONTINUA, DIZEM ELES\u00bb<br \/>\nleitura por Antonino Solmer<\/strong><br \/>\nAudi\u00e7\u00e3o do conto de M\u00e1rio Dion\u00edsio, inserido no livro <em><strong>A morte \u00e9 para os outros<\/strong><\/em>.<\/p>\n<p><strong>&#8211; 15H30 &#8211; OFICINA DE FAZER BRINQUEDOS<br \/>\ncom Eupremio Scarpa<\/strong><br \/>\nUma tarde a <strong>fazer brinquedos a partir do que pensamos que j\u00e1 n\u00e3o presta<\/strong>. Para todos, a partir dos 6 anos.<\/p>\n<p><strong>&#8211; 18H \u2013 UM POEMA DO SONHO<\/strong><br \/>\n<strong>O primeiro dos \u00abDois poemas do sonho\u00bb de M\u00e1rio Dion\u00edsio foi a inspira\u00e7\u00e3o para a constru\u00e7\u00e3o de uma pequena BD<\/strong>. A partir dela, nasceu uma esp\u00e9cie de anima\u00e7\u00e3o, a que cham\u00e1mos \u00abUm poema do sonho\u00bb.<\/p>\n<p>Come\u00e7ando por uma quest\u00e3o e a terminar com outra, \u00e9, acima de tudo, um problematizar de divaga\u00e7\u00f5es. N\u00e3o \u00e9 nada pegad\u00f3gico, mas <strong>voa sobre as formas como se aprende e se memoriza a informa\u00e7\u00e3o e o conhecimento<\/strong>, sobre graus de ignor\u00e2ncia e sobre os cinco sentidos e a vontade de conversar. Sem caras, vozes ou hist\u00f3rias de vida mas a exalar cheiro humano at\u00e9 na banda sonora.<\/p>\n<p><strong>&#8211; 19H30 &#8211; SORTEIO DE UMA OBRA DE ARTE<\/strong><br \/>\nDurante estes dias, vamos vender senhas para o <strong>sorteio de uma serigrafia de Hansi St\u00e4el<\/strong>. O sorteio \u00e9 no domingo.<\/p>\n","protected":false},"excerpt":{"rendered":"<p>Venham ver e conviver, ouvir e conversar, participar e ajudar a exist\u00eancia por mais um ano da Casa da Achada \u2013 Centro M\u00e1rio Dion\u00edsio. E levar prendas para as festas\u2026 O programa completo est\u00e1 mais abaixo. \u00c9 um fim-de-semana grande na Casa da Achada, com actividades, sess\u00f5es p\u00fablicas e vendas. H\u00e1 descontos especiais nas nossas [&hellip;]<\/p>\n","protected":false},"author":1,"featured_media":0,"comment_status":"open","ping_status":"closed","sticky":false,"template":"","format":"standard","meta":[],"categories":[1],"tags":[],"_links":{"self":[{"href":"http:\/\/noticias.centromariodionisio.org\/index.php?rest_route=\/wp\/v2\/posts\/5414"}],"collection":[{"href":"http:\/\/noticias.centromariodionisio.org\/index.php?rest_route=\/wp\/v2\/posts"}],"about":[{"href":"http:\/\/noticias.centromariodionisio.org\/index.php?rest_route=\/wp\/v2\/types\/post"}],"author":[{"embeddable":true,"href":"http:\/\/noticias.centromariodionisio.org\/index.php?rest_route=\/wp\/v2\/users\/1"}],"replies":[{"embeddable":true,"href":"http:\/\/noticias.centromariodionisio.org\/index.php?rest_route=%2Fwp%2Fv2%2Fcomments&post=5414"}],"version-history":[{"count":2,"href":"http:\/\/noticias.centromariodionisio.org\/index.php?rest_route=\/wp\/v2\/posts\/5414\/revisions"}],"predecessor-version":[{"id":5417,"href":"http:\/\/noticias.centromariodionisio.org\/index.php?rest_route=\/wp\/v2\/posts\/5414\/revisions\/5417"}],"wp:attachment":[{"href":"http:\/\/noticias.centromariodionisio.org\/index.php?rest_route=%2Fwp%2Fv2%2Fmedia&parent=5414"}],"wp:term":[{"taxonomy":"category","embeddable":true,"href":"http:\/\/noticias.centromariodionisio.org\/index.php?rest_route=%2Fwp%2Fv2%2Fcategories&post=5414"},{"taxonomy":"post_tag","embeddable":true,"href":"http:\/\/noticias.centromariodionisio.org\/index.php?rest_route=%2Fwp%2Fv2%2Ftags&post=5414"}],"curies":[{"name":"wp","href":"https:\/\/api.w.org\/{rel}","templated":true}]}}