{"id":5394,"date":"2015-11-16T15:29:12","date_gmt":"2015-11-16T15:29:12","guid":{"rendered":"http:\/\/noticias.centromariodionisio.org\/?p=5394"},"modified":"2015-11-16T15:32:35","modified_gmt":"2015-11-16T15:32:35","slug":"nao-me-digam-disparates-que-eu-trepo-pelas-paredes-acima-a-professora-maria-leticia","status":"publish","type":"post","link":"http:\/\/noticias.centromariodionisio.org\/?p=5394","title":{"rendered":"Maria Let\u00edcia, professora: \u00abN\u00e3o me digam disparates, que eu trepo pelas paredes acima!\u00bb"},"content":{"rendered":"\n\t\t<style type=\"text\/css\">\n\t\t\t#gallery-1 {\n\t\t\t\tmargin: auto;\n\t\t\t}\n\t\t\t#gallery-1 .gallery-item {\n\t\t\t\tfloat: left;\n\t\t\t\tmargin-top: 10px;\n\t\t\t\ttext-align: center;\n\t\t\t\twidth: 33%;\n\t\t\t}\n\t\t\t#gallery-1 img {\n\t\t\t\tborder: 2px solid #cfcfcf;\n\t\t\t}\n\t\t\t#gallery-1 .gallery-caption {\n\t\t\t\tmargin-left: 0;\n\t\t\t}\n\t\t\t\/* see gallery_shortcode() in wp-includes\/media.php *\/\n\t\t<\/style>\n\t\t<div id='gallery-1' class='gallery galleryid-5394 gallery-columns-3 gallery-size-thumbnail'><dl class='gallery-item'>\n\t\t\t<dt class='gallery-icon portrait'>\n\t\t\t\t<a href='http:\/\/noticias.centromariodionisio.org\/wp-content\/uploads\/FOT1-ML-R-66.jpg'><img width=\"150\" height=\"150\" src=\"http:\/\/noticias.centromariodionisio.org\/wp-content\/uploads\/FOT1-ML-R-66-150x150.jpg\" class=\"attachment-thumbnail size-thumbnail\" alt=\"\" decoding=\"async\" loading=\"lazy\" \/><\/a>\n\t\t\t<\/dt><\/dl><dl class='gallery-item'>\n\t\t\t<dt class='gallery-icon landscape'>\n\t\t\t\t<a href='http:\/\/noticias.centromariodionisio.org\/wp-content\/uploads\/FOT3-ML-P-1.jpg'><img width=\"150\" height=\"150\" src=\"http:\/\/noticias.centromariodionisio.org\/wp-content\/uploads\/FOT3-ML-P-1-150x150.jpg\" class=\"attachment-thumbnail size-thumbnail\" alt=\"\" decoding=\"async\" loading=\"lazy\" \/><\/a>\n\t\t\t<\/dt><\/dl><dl class='gallery-item'>\n\t\t\t<dt class='gallery-icon landscape'>\n\t\t\t\t<a href='http:\/\/noticias.centromariodionisio.org\/wp-content\/uploads\/FOT3-ML-P-3.jpg'><img width=\"150\" height=\"150\" src=\"http:\/\/noticias.centromariodionisio.org\/wp-content\/uploads\/FOT3-ML-P-3-150x150.jpg\" class=\"attachment-thumbnail size-thumbnail\" alt=\"\" decoding=\"async\" loading=\"lazy\" \/><\/a>\n\t\t\t<\/dt><\/dl><br style=\"clear: both\" \/>\n\t\t<\/div>\n\n<p>No s\u00e1bado, dia 14 de Novembro, \u00e0s 16h00, no \u00e2mbito do ciclo \u00abEscola, para que te quero?\u00bb teve lugar na Casa da Achada \u2013 Centro M\u00e1rio Dion\u00edsio, a <strong>conversa sobre Maria Let\u00edcia Clemente da Silva \u2013 Professora: \u00abN\u00e3o me digam disparates que eu trepo pelas paredes acima!\u00bb<\/strong>, apresentada por Diana Dion\u00edsio que conheceu de perto o rigor da sua av\u00f3 no que toca a aprendizagens (mas sempre e s\u00f3 depois do lanche). E, a avaliar pelo seu depoimento, n\u00e3o fazia por menos, esta mulher, no combate \u00e0 ideia burguesa de mulher: esposa, m\u00e3e de fam\u00edlia e basta, que para tudo o mais estava o homem. Assim a maior parte das suas contempor\u00e2neas, em n\u00famero reduzido, as independentes pelo trabalho ou a frequentar universidades, como a Faculdade de Letras, onde Maria Let\u00edcia encontra o seu companheiro, M\u00e1rio Dion\u00edsio.<\/p>\n<p>Nascida em 1915, em Beja, mas cedo a viver em Lisboa, instru\u00edda pela m\u00e3e (que tirara um curso de magist\u00e9rio prim\u00e1rio) e acompanhada no seu percurso pelo pai, trabalhador ferrovi\u00e1rio que se fez advogado no combate a uma sociedade injusta &#8211; como a portuguesa que, nos anos quarenta, impediu a filha de exercer a profiss\u00e3o durante oito anos \u00abpor raz\u00f5es de ordem pol\u00edtica\u00bb \u2013 Maria Let\u00edcia estudou no Liceu Cam\u00f5es e, em 1937, concluiu o Curso Superior de Piano do Conservat\u00f3rio Nacional e o Curso de Filologia Cl\u00e1ssica.<\/p>\n<p>Professora de Portugu\u00eas e de Latim, estagiou no Liceu Pedro Nunes, deu aulas no Liceu de Santar\u00e9m, e, em Lisboa, nos liceus Cam\u00f5es, D. Filipa de Lencastre e D. Leonor. Quando impedida de exercer nas escolas estatais, leccionou no ensino privado at\u00e9 lhe ser interdito em absoluto o exerc\u00edcio da profiss\u00e3o, do que se defendeu dando explica\u00e7\u00f5es particulares em casa (o que manteve ao longo da sua vida activa). Ela, que n\u00e3o se considerava uma \u00abpessoa importante\u00bb (mas importante a sua ac\u00e7\u00e3o), dos muitos documentos produzidos para as aulas, preservou poucos. Os que restam revelam-nos por\u00e9m a vontade de n\u00e3o se ficar por um desempenho suficiente na fun\u00e7\u00e3o. Nos seus relat\u00f3rios de docente \u2013 naquele que nos foi lido \u2013 ressalta a preocupa\u00e7\u00e3o por um ensino melhor, atenta ao que encontra de positivo nos m\u00e9todos das escolas francesas e inglesas. Sem d\u00favida, uma demanda exigente para o aluno por parte de quem afinal usufru\u00edra de condi\u00e7\u00f5es excepcionais na sua educa\u00e7\u00e3o, mas uma exig\u00eancia pela intelig\u00eancia e pelo trabalho a que ela tivera tamb\u00e9m de corresponder, e que come\u00e7a, antes do mais, no seu pr\u00f3prio trabalho enquanto professora, configurando todo um programa de vida e modo de ser.<\/p>\n<p>\n\t\t<style type=\"text\/css\">\n\t\t\t#gallery-2 {\n\t\t\t\tmargin: auto;\n\t\t\t}\n\t\t\t#gallery-2 .gallery-item {\n\t\t\t\tfloat: left;\n\t\t\t\tmargin-top: 10px;\n\t\t\t\ttext-align: center;\n\t\t\t\twidth: 100%;\n\t\t\t}\n\t\t\t#gallery-2 img {\n\t\t\t\tborder: 2px solid #cfcfcf;\n\t\t\t}\n\t\t\t#gallery-2 .gallery-caption {\n\t\t\t\tmargin-left: 0;\n\t\t\t}\n\t\t\t\/* see gallery_shortcode() in wp-includes\/media.php *\/\n\t\t<\/style>\n\t\t<div id='gallery-2' class='gallery galleryid-5394 gallery-columns-1 gallery-size-medium'><dl class='gallery-item'>\n\t\t\t<dt class='gallery-icon landscape'>\n\t\t\t\t<a href='http:\/\/noticias.centromariodionisio.org\/wp-content\/uploads\/Caderno-de-prepara\u00e7\u00e3o-de-aulas-com-hor\u00e1rio-e-planta-de-turma.jpg'><img width=\"300\" height=\"213\" src=\"http:\/\/noticias.centromariodionisio.org\/wp-content\/uploads\/Caderno-de-prepara\u00e7\u00e3o-de-aulas-com-hor\u00e1rio-e-planta-de-turma-300x213.jpg\" class=\"attachment-medium size-medium\" alt=\"\" decoding=\"async\" loading=\"lazy\" srcset=\"http:\/\/noticias.centromariodionisio.org\/wp-content\/uploads\/Caderno-de-prepara\u00e7\u00e3o-de-aulas-com-hor\u00e1rio-e-planta-de-turma-300x213.jpg 300w, http:\/\/noticias.centromariodionisio.org\/wp-content\/uploads\/Caderno-de-prepara\u00e7\u00e3o-de-aulas-com-hor\u00e1rio-e-planta-de-turma-1024x728.jpg 1024w\" sizes=\"(max-width: 300px) 100vw, 300px\" \/><\/a>\n\t\t\t<\/dt><\/dl><br style=\"clear: both\" \/>\n\t\t<\/div>\n<br \/>\nO mesmo empenho revela-se em outras actividades que n\u00e3o se esgotam no ensino propriamente dito, como a colabora\u00e7\u00e3o numa curiosa sec\u00e7\u00e3o do jornal <em>A Capital<\/em>, intitulada \u00abConsult\u00f3rio Escolar\u00bb (mantida entre 1968 e 1969, com Maria Em\u00edlia Coutinho Diniz, sob o pseud\u00f3nimo Dinis da Silva); a autoria de livros escolares para o ensino do Portugu\u00eas em pareceria com a filha, Eduarda Monteiro (Eduarda Dion\u00edsio), que marcaram (sobretudo o primeiro, de 1969) uma diferen\u00e7a no intuito pedag\u00f3gico pela inclus\u00e3o de textos de autores menos divulgados ou mesmo contempor\u00e2neos e de imagens que n\u00e3o as oficiosas, afectas ao regime e \u00e0 ideologia ent\u00e3o dominante; o trabalho desenvolvido na Comiss\u00e3o para a Reforma do Ensino, logo a seguir ao 25 de Abril; e, ainda, o rigoroso cuidado investido em revis\u00f5es e tradu\u00e7\u00f5es que fez, assinadas ou n\u00e3o, com nome pr\u00f3prio ou inventado pelo editor (Maria Let\u00edcia Dion\u00edsio).<\/p>\n<p>\n\t\t<style type=\"text\/css\">\n\t\t\t#gallery-3 {\n\t\t\t\tmargin: auto;\n\t\t\t}\n\t\t\t#gallery-3 .gallery-item {\n\t\t\t\tfloat: left;\n\t\t\t\tmargin-top: 10px;\n\t\t\t\ttext-align: center;\n\t\t\t\twidth: 100%;\n\t\t\t}\n\t\t\t#gallery-3 img {\n\t\t\t\tborder: 2px solid #cfcfcf;\n\t\t\t}\n\t\t\t#gallery-3 .gallery-caption {\n\t\t\t\tmargin-left: 0;\n\t\t\t}\n\t\t\t\/* see gallery_shortcode() in wp-includes\/media.php *\/\n\t\t<\/style>\n\t\t<div id='gallery-3' class='gallery galleryid-5394 gallery-columns-1 gallery-size-medium'><dl class='gallery-item'>\n\t\t\t<dt class='gallery-icon landscape'>\n\t\t\t\t<a href='http:\/\/noticias.centromariodionisio.org\/wp-content\/uploads\/DSCF1423.jpg'><img width=\"300\" height=\"225\" src=\"http:\/\/noticias.centromariodionisio.org\/wp-content\/uploads\/DSCF1423-300x225.jpg\" class=\"attachment-medium size-medium\" alt=\"\" decoding=\"async\" loading=\"lazy\" srcset=\"http:\/\/noticias.centromariodionisio.org\/wp-content\/uploads\/DSCF1423-300x225.jpg 300w, http:\/\/noticias.centromariodionisio.org\/wp-content\/uploads\/DSCF1423-1024x768.jpg 1024w\" sizes=\"(max-width: 300px) 100vw, 300px\" \/><\/a>\n\t\t\t<\/dt><\/dl><br style=\"clear: both\" \/>\n\t\t<\/div>\n<br \/>\nDos depoimentos feitos pelos presentes na sala, apesar dos poucos ex-alunos, fica ainda a ideia de uma professora atenta ao indiv\u00edduo e disposta ao di\u00e1logo nos intervalos das aulas, momento em que se tiram d\u00favidas e se fala tamb\u00e9m da actualidade, sobre a qual se mostra informada e interessada. Testemunhos tamb\u00e9m de quem conviveu entre professores nas escolas, antes do 25 de Abril, dando-nos conta da separa\u00e7\u00e3o de g\u00e9nero nos espa\u00e7os (salas) reservados aos professores e \u00e0s professoras e da acentuada hierarquiza\u00e7\u00e3o sentida pelos estagi\u00e1rios que n\u00e3o tinham direito a frequentar estes mesmos espa\u00e7os, nem estatuto para serem directamente interpelados ou sequer terem voz ou opini\u00e3o, no que Maria Let\u00edcia se distinguiu por ser dos poucos que n\u00e3o seguiu esta pr\u00e1tica. Constrangimentos igualmente sentidos pelos alunos na comunica\u00e7\u00e3o com o professor, at\u00e9 no tirar d\u00favidas sobre a mat\u00e9ria ou sobre a linguagem dos manuais, levando em extremo \u00e0 ideia de que estes livros eram para quem sabia e n\u00e3o para quem queria saber.<\/p>\n<p>Durante a conversa, houve ainda v\u00e1rias remiss\u00f5es para os documentos que integram a exposi\u00e7\u00e3o patente ao p\u00fablico sobre o percurso dos dois professores, M\u00e1rio Dion\u00edsio e Maria Let\u00edcia Clemente da Silva, intitulada <strong>\u00abEscolas: reaprender e ensinar\u00bb<\/strong>, que est\u00e1 at\u00e9 18 de Abril de 2016.<\/p>\n","protected":false},"excerpt":{"rendered":"<p>No s\u00e1bado, dia 14 de Novembro, \u00e0s 16h00, no \u00e2mbito do ciclo \u00abEscola, para que te quero?\u00bb teve lugar na Casa da Achada \u2013 Centro M\u00e1rio Dion\u00edsio, a conversa sobre Maria Let\u00edcia Clemente da Silva \u2013 Professora: \u00abN\u00e3o me digam disparates que eu trepo pelas paredes acima!\u00bb, apresentada por Diana Dion\u00edsio que conheceu de perto [&hellip;]<\/p>\n","protected":false},"author":1,"featured_media":0,"comment_status":"open","ping_status":"closed","sticky":false,"template":"","format":"standard","meta":[],"categories":[1],"tags":[],"_links":{"self":[{"href":"http:\/\/noticias.centromariodionisio.org\/index.php?rest_route=\/wp\/v2\/posts\/5394"}],"collection":[{"href":"http:\/\/noticias.centromariodionisio.org\/index.php?rest_route=\/wp\/v2\/posts"}],"about":[{"href":"http:\/\/noticias.centromariodionisio.org\/index.php?rest_route=\/wp\/v2\/types\/post"}],"author":[{"embeddable":true,"href":"http:\/\/noticias.centromariodionisio.org\/index.php?rest_route=\/wp\/v2\/users\/1"}],"replies":[{"embeddable":true,"href":"http:\/\/noticias.centromariodionisio.org\/index.php?rest_route=%2Fwp%2Fv2%2Fcomments&post=5394"}],"version-history":[{"count":12,"href":"http:\/\/noticias.centromariodionisio.org\/index.php?rest_route=\/wp\/v2\/posts\/5394\/revisions"}],"predecessor-version":[{"id":5412,"href":"http:\/\/noticias.centromariodionisio.org\/index.php?rest_route=\/wp\/v2\/posts\/5394\/revisions\/5412"}],"wp:attachment":[{"href":"http:\/\/noticias.centromariodionisio.org\/index.php?rest_route=%2Fwp%2Fv2%2Fmedia&parent=5394"}],"wp:term":[{"taxonomy":"category","embeddable":true,"href":"http:\/\/noticias.centromariodionisio.org\/index.php?rest_route=%2Fwp%2Fv2%2Fcategories&post=5394"},{"taxonomy":"post_tag","embeddable":true,"href":"http:\/\/noticias.centromariodionisio.org\/index.php?rest_route=%2Fwp%2Fv2%2Ftags&post=5394"}],"curies":[{"name":"wp","href":"https:\/\/api.w.org\/{rel}","templated":true}]}}