{"id":5376,"date":"2015-10-31T14:55:02","date_gmt":"2015-10-31T14:55:02","guid":{"rendered":"http:\/\/noticias.centromariodionisio.org\/?p=5376"},"modified":"2015-11-06T13:21:55","modified_gmt":"2015-11-06T13:21:55","slug":"da-fisica-no-dia-a-dia-ao-primeiro-olhar","status":"publish","type":"post","link":"http:\/\/noticias.centromariodionisio.org\/?p=5376","title":{"rendered":"Da \u00abF\u00edsica no dia-a-dia\u00bb ao \u00abPrimeiro olhar\u00bb"},"content":{"rendered":"<div><a href=\"http:\/\/noticias.centromariodionisio.org\/wp-content\/uploads\/20151025_155252.jpg\"><img decoding=\"async\" loading=\"lazy\" class=\"aligncenter wp-image-5377 \" src=\"http:\/\/noticias.centromariodionisio.org\/wp-content\/uploads\/20151025_155252-1024x675.jpg\" alt=\"20151025_155252\" width=\"642\" height=\"423\" srcset=\"http:\/\/noticias.centromariodionisio.org\/wp-content\/uploads\/20151025_155252-1024x675.jpg 1024w, http:\/\/noticias.centromariodionisio.org\/wp-content\/uploads\/20151025_155252-300x198.jpg 300w, http:\/\/noticias.centromariodionisio.org\/wp-content\/uploads\/20151025_155252.jpg 2048w\" sizes=\"(max-width: 642px) 100vw, 642px\" \/><\/a><\/div>\n<div>No fim-de-semana passado teve lugar a 4\u00aa e \u00faltima oficina de Outubro \u00abF\u00edsica no dia-a-dia, a partir do livro de R\u00f3mulo de Carvalho\u00bb. Desta vez, fal\u00e1mos e fizemos experi\u00eancias \u00e0 volta do peso dos objectos na \u00e1gua, da press\u00e3o atmosf\u00e9rica e de como funcionam as alavancas. Nas oficinas dos domingos anteriores j\u00e1 t\u00ednhamos falado sobre luz e espelhos, \u00edmanes e electricidade, centros de gravidade, som e ar (que ocupa espa\u00e7o e tem peso). Acompanh\u00e1mos, quase sempre, as experi\u00eancias com os textos do autor porque quisemos traz\u00ea-lo connosco e lembr\u00e1-lo como uma pessoa que fez mil coisas mas, acima de tudo, porque, na \u00a0simplicidade das suas explica\u00e7\u00f5es est\u00e1 um dos tesouros que esse livro tem.<\/div>\n<div><\/div>\n<div>No pr\u00f3ximo fim-de-semana v\u00e3o come\u00e7ar as oficinas de Novembro: \u00abPrimeiro Olhar\u00bb, a partir dos quadros de \u00a0M\u00e1rio Dion\u00edsio e usando os caminhos idealizados por Rui-M\u00e1rio Gon\u00e7alves.\u00a0 Com a orienta\u00e7\u00e3o de Carla Mota e Marta Raposo. As oficinas v\u00e3o ter lugar todos os domingos: 1, 8, 15, 22 e 29 de Novembro. Para todos os que quiserem participar, a partir dos 5 anos.<\/div>\n<div><span style=\"color: #000000;\">A n\u00e3o perder. Venham! Venham!<br \/>\n<\/span><\/div>\n","protected":false},"excerpt":{"rendered":"<p>No fim-de-semana passado teve lugar a 4\u00aa e \u00faltima oficina de Outubro \u00abF\u00edsica no dia-a-dia, a partir do livro de R\u00f3mulo de Carvalho\u00bb. Desta vez, fal\u00e1mos e fizemos experi\u00eancias \u00e0 volta do peso dos objectos na \u00e1gua, da press\u00e3o atmosf\u00e9rica e de como funcionam as alavancas. Nas oficinas dos domingos anteriores j\u00e1 t\u00ednhamos falado sobre [&hellip;]<\/p>\n","protected":false},"author":1,"featured_media":0,"comment_status":"open","ping_status":"closed","sticky":false,"template":"","format":"standard","meta":[],"categories":[15],"tags":[],"_links":{"self":[{"href":"http:\/\/noticias.centromariodionisio.org\/index.php?rest_route=\/wp\/v2\/posts\/5376"}],"collection":[{"href":"http:\/\/noticias.centromariodionisio.org\/index.php?rest_route=\/wp\/v2\/posts"}],"about":[{"href":"http:\/\/noticias.centromariodionisio.org\/index.php?rest_route=\/wp\/v2\/types\/post"}],"author":[{"embeddable":true,"href":"http:\/\/noticias.centromariodionisio.org\/index.php?rest_route=\/wp\/v2\/users\/1"}],"replies":[{"embeddable":true,"href":"http:\/\/noticias.centromariodionisio.org\/index.php?rest_route=%2Fwp%2Fv2%2Fcomments&post=5376"}],"version-history":[{"count":5,"href":"http:\/\/noticias.centromariodionisio.org\/index.php?rest_route=\/wp\/v2\/posts\/5376\/revisions"}],"predecessor-version":[{"id":5390,"href":"http:\/\/noticias.centromariodionisio.org\/index.php?rest_route=\/wp\/v2\/posts\/5376\/revisions\/5390"}],"wp:attachment":[{"href":"http:\/\/noticias.centromariodionisio.org\/index.php?rest_route=%2Fwp%2Fv2%2Fmedia&parent=5376"}],"wp:term":[{"taxonomy":"category","embeddable":true,"href":"http:\/\/noticias.centromariodionisio.org\/index.php?rest_route=%2Fwp%2Fv2%2Fcategories&post=5376"},{"taxonomy":"post_tag","embeddable":true,"href":"http:\/\/noticias.centromariodionisio.org\/index.php?rest_route=%2Fwp%2Fv2%2Ftags&post=5376"}],"curies":[{"name":"wp","href":"https:\/\/api.w.org\/{rel}","templated":true}]}}