{"id":5338,"date":"2015-10-05T22:47:08","date_gmt":"2015-10-05T22:47:08","guid":{"rendered":"http:\/\/noticias.centromariodionisio.org\/?p=5338"},"modified":"2015-10-23T17:10:38","modified_gmt":"2015-10-23T17:10:38","slug":"6o-aniversario-da-casa-da-achada","status":"publish","type":"post","link":"http:\/\/noticias.centromariodionisio.org\/?p=5338","title":{"rendered":"6\u00ba anivers\u00e1rio da Casa da Achada"},"content":{"rendered":"\n\t\t<style type=\"text\/css\">\n\t\t\t#gallery-1 {\n\t\t\t\tmargin: auto;\n\t\t\t}\n\t\t\t#gallery-1 .gallery-item {\n\t\t\t\tfloat: left;\n\t\t\t\tmargin-top: 10px;\n\t\t\t\ttext-align: center;\n\t\t\t\twidth: 50%;\n\t\t\t}\n\t\t\t#gallery-1 img {\n\t\t\t\tborder: 2px solid #cfcfcf;\n\t\t\t}\n\t\t\t#gallery-1 .gallery-caption {\n\t\t\t\tmargin-left: 0;\n\t\t\t}\n\t\t\t\/* see gallery_shortcode() in wp-includes\/media.php *\/\n\t\t<\/style>\n\t\t<div id='gallery-1' class='gallery galleryid-5338 gallery-columns-2 gallery-size-medium'><dl class='gallery-item'>\n\t\t\t<dt class='gallery-icon landscape'>\n\t\t\t\t<a href='http:\/\/noticias.centromariodionisio.org\/wp-content\/uploads\/6aniversario_01.jpg'><img width=\"300\" height=\"199\" src=\"http:\/\/noticias.centromariodionisio.org\/wp-content\/uploads\/6aniversario_01-300x199.jpg\" class=\"attachment-medium size-medium\" alt=\"\" decoding=\"async\" loading=\"lazy\" srcset=\"http:\/\/noticias.centromariodionisio.org\/wp-content\/uploads\/6aniversario_01-300x199.jpg 300w, http:\/\/noticias.centromariodionisio.org\/wp-content\/uploads\/6aniversario_01.jpg 1000w\" sizes=\"(max-width: 300px) 100vw, 300px\" \/><\/a>\n\t\t\t<\/dt><\/dl><dl class='gallery-item'>\n\t\t\t<dt class='gallery-icon landscape'>\n\t\t\t\t<a href='http:\/\/noticias.centromariodionisio.org\/wp-content\/uploads\/6aniversario_02.jpg'><img width=\"300\" height=\"199\" src=\"http:\/\/noticias.centromariodionisio.org\/wp-content\/uploads\/6aniversario_02-300x199.jpg\" class=\"attachment-medium size-medium\" alt=\"\" decoding=\"async\" loading=\"lazy\" srcset=\"http:\/\/noticias.centromariodionisio.org\/wp-content\/uploads\/6aniversario_02-300x199.jpg 300w, http:\/\/noticias.centromariodionisio.org\/wp-content\/uploads\/6aniversario_02.jpg 1000w\" sizes=\"(max-width: 300px) 100vw, 300px\" \/><\/a>\n\t\t\t<\/dt><\/dl><br style=\"clear: both\" \/><dl class='gallery-item'>\n\t\t\t<dt class='gallery-icon landscape'>\n\t\t\t\t<a href='http:\/\/noticias.centromariodionisio.org\/wp-content\/uploads\/6aniversario_05.jpg'><img width=\"300\" height=\"199\" src=\"http:\/\/noticias.centromariodionisio.org\/wp-content\/uploads\/6aniversario_05-300x199.jpg\" class=\"attachment-medium size-medium\" alt=\"\" decoding=\"async\" loading=\"lazy\" srcset=\"http:\/\/noticias.centromariodionisio.org\/wp-content\/uploads\/6aniversario_05-300x199.jpg 300w, http:\/\/noticias.centromariodionisio.org\/wp-content\/uploads\/6aniversario_05.jpg 1000w\" sizes=\"(max-width: 300px) 100vw, 300px\" \/><\/a>\n\t\t\t<\/dt><\/dl><dl class='gallery-item'>\n\t\t\t<dt class='gallery-icon landscape'>\n\t\t\t\t<a href='http:\/\/noticias.centromariodionisio.org\/wp-content\/uploads\/6aniversario_06.jpg'><img width=\"300\" height=\"199\" src=\"http:\/\/noticias.centromariodionisio.org\/wp-content\/uploads\/6aniversario_06-300x199.jpg\" class=\"attachment-medium size-medium\" alt=\"\" decoding=\"async\" loading=\"lazy\" srcset=\"http:\/\/noticias.centromariodionisio.org\/wp-content\/uploads\/6aniversario_06-300x199.jpg 300w, http:\/\/noticias.centromariodionisio.org\/wp-content\/uploads\/6aniversario_06.jpg 1000w\" sizes=\"(max-width: 300px) 100vw, 300px\" \/><\/a>\n\t\t\t<\/dt><\/dl><br style=\"clear: both\" \/><dl class='gallery-item'>\n\t\t\t<dt class='gallery-icon landscape'>\n\t\t\t\t<a href='http:\/\/noticias.centromariodionisio.org\/wp-content\/uploads\/6aniversario_04.jpg'><img width=\"300\" height=\"199\" src=\"http:\/\/noticias.centromariodionisio.org\/wp-content\/uploads\/6aniversario_04-300x199.jpg\" class=\"attachment-medium size-medium\" alt=\"\" decoding=\"async\" loading=\"lazy\" srcset=\"http:\/\/noticias.centromariodionisio.org\/wp-content\/uploads\/6aniversario_04-300x199.jpg 300w, http:\/\/noticias.centromariodionisio.org\/wp-content\/uploads\/6aniversario_04.jpg 1000w\" sizes=\"(max-width: 300px) 100vw, 300px\" \/><\/a>\n\t\t\t<\/dt><\/dl><dl class='gallery-item'>\n\t\t\t<dt class='gallery-icon landscape'>\n\t\t\t\t<a href='http:\/\/noticias.centromariodionisio.org\/wp-content\/uploads\/6aniversario_03.jpg'><img width=\"300\" height=\"199\" src=\"http:\/\/noticias.centromariodionisio.org\/wp-content\/uploads\/6aniversario_03-300x199.jpg\" class=\"attachment-medium size-medium\" alt=\"\" decoding=\"async\" loading=\"lazy\" srcset=\"http:\/\/noticias.centromariodionisio.org\/wp-content\/uploads\/6aniversario_03-300x199.jpg 300w, http:\/\/noticias.centromariodionisio.org\/wp-content\/uploads\/6aniversario_03-1024x678.jpg 1024w\" sizes=\"(max-width: 300px) 100vw, 300px\" \/><\/a>\n\t\t\t<\/dt><\/dl><br style=\"clear: both\" \/>\n\t\t<\/div>\n\n<p>No dia 3 de Outubro, a Casa da Achada \u2013 Centro M\u00e1rio Dion\u00edsio comemorou o seu sexto anivers\u00e1rio de abertura ao p\u00fablico. Dedic\u00e1mos o dia ao V\u00edtor Silva Tavares, s\u00f3cio fundador e companheiro de lutas mais antigas, que nos deixou no fim de Setembro. Foi com a mem\u00f3ria dos amigos ausentes, do Ma\u00e7ariku, do Francisco Castro Rodrigues, do Vitor Silva Tavares, que fizemos, pelas <a href=\"http:\/\/noticias.centromariodionisio.org\/wp-content\/uploads\/texto-Diana-Dion\u00edsio.pdf\">palavras da Diana Dion\u00edsio<\/a>, o balan\u00e7o deste ano, mais dif\u00edcil do que os outros e que obrigou a uma redefini\u00e7\u00e3o do funcionamento da CA-CMD. Mas foi tamb\u00e9m com os olhos no que a\u00ed vem e com a vontade que temos de continuar a estar uns com os outros que se comemorou este anivers\u00e1rio e o in\u00edcio do novo ciclo trimestral, desta vez sobre a escola.<\/p>\n<p>A tarde abriu com uma pequena actua\u00e7\u00e3o do Coro da Achada, a que se seguiu a apresenta\u00e7\u00e3o, feita a quatro m\u00e3os pela Eduarda Dion\u00edsio e pela Maria Jo\u00e3o Brilhante, da nova exposi\u00e7\u00e3o, \u00abEscolas: reaprender e ensinar\u00bb, sobre o percurso de M\u00e1rio Dion\u00edsio e de Maria Let\u00edcia Clemente da Silva nas escolas em que estiveram, como alunos e professores. A exposi\u00e7\u00e3o pode ser visitada at\u00e9 dia 18 de Abril e esperamos que desafie conversas e reflex\u00f5es sobre o estado do ensino actual, pensando que a experi\u00eancia destes dois professores possa interessar a quem hoje ensina e \u00e9 ensinado.<\/p>\n\n\t\t<style type=\"text\/css\">\n\t\t\t#gallery-2 {\n\t\t\t\tmargin: auto;\n\t\t\t}\n\t\t\t#gallery-2 .gallery-item {\n\t\t\t\tfloat: left;\n\t\t\t\tmargin-top: 10px;\n\t\t\t\ttext-align: center;\n\t\t\t\twidth: 33%;\n\t\t\t}\n\t\t\t#gallery-2 img {\n\t\t\t\tborder: 2px solid #cfcfcf;\n\t\t\t}\n\t\t\t#gallery-2 .gallery-caption {\n\t\t\t\tmargin-left: 0;\n\t\t\t}\n\t\t\t\/* see gallery_shortcode() in wp-includes\/media.php *\/\n\t\t<\/style>\n\t\t<div id='gallery-2' class='gallery galleryid-5338 gallery-columns-3 gallery-size-thumbnail'><dl class='gallery-item'>\n\t\t\t<dt class='gallery-icon portrait'>\n\t\t\t\t<a href='http:\/\/noticias.centromariodionisio.org\/wp-content\/uploads\/capa-o-qu\u00ea-professor.jpg'><img width=\"150\" height=\"150\" src=\"http:\/\/noticias.centromariodionisio.org\/wp-content\/uploads\/capa-o-qu\u00ea-professor-150x150.jpg\" class=\"attachment-thumbnail size-thumbnail\" alt=\"\" decoding=\"async\" loading=\"lazy\" \/><\/a>\n\t\t\t<\/dt><\/dl><dl class='gallery-item'>\n\t\t\t<dt class='gallery-icon portrait'>\n\t\t\t\t<a href='http:\/\/noticias.centromariodionisio.org\/wp-content\/uploads\/capa-Conflito-e-unidade.jpg'><img width=\"150\" height=\"150\" src=\"http:\/\/noticias.centromariodionisio.org\/wp-content\/uploads\/capa-Conflito-e-unidade-150x150.jpg\" class=\"attachment-thumbnail size-thumbnail\" alt=\"\" decoding=\"async\" loading=\"lazy\" \/><\/a>\n\t\t\t<\/dt><\/dl><dl class='gallery-item'>\n\t\t\t<dt class='gallery-icon landscape'>\n\t\t\t\t<a href='http:\/\/noticias.centromariodionisio.org\/wp-content\/uploads\/capa-para-uma-bibliografia-MD.jpg'><img width=\"150\" height=\"150\" src=\"http:\/\/noticias.centromariodionisio.org\/wp-content\/uploads\/capa-para-uma-bibliografia-MD-150x150.jpg\" class=\"attachment-thumbnail size-thumbnail\" alt=\"\" decoding=\"async\" loading=\"lazy\" \/><\/a>\n\t\t\t<\/dt><\/dl><br style=\"clear: both\" \/>\n\t\t<\/div>\n\n<p>Seguiu-se o lan\u00e7amento de dois livros com textos de M\u00e1rio Dion\u00edsio e de uma bibliografia. O primeiro, <em>O qu\u00ea? Professor?!<\/em>, apresentado por Rui Can\u00e1rio, re\u00fane o que MD escreveu sobre o ensino para jornais v\u00e1rios, bem como o primeiro cap\u00edtulo do livro inacabado <em>Reflex\u00f5es de um professor sobre a escola e socialismo<\/em>. Sobre este volume (o oitavo da Colec\u00e7\u00e3o M\u00e1rio Dion\u00edsio), a que voltaremos certamente muitas vezes durante os pr\u00f3ximos tr\u00eas meses do ciclo \u00abEscola, para que te quero?\u00bb, haver\u00e1 ainda uma sess\u00e3o na Casa da Achada no dia 5 de Dezembro.<\/p>\n<p>O segundo livro, <em>Conflito e unidade da arte contempor\u00e2nea<\/em>, \u00e9 a reedi\u00e7\u00e3o do texto de uma palestra dada na Sociedade Nacional de Belas Artes, em 1957, altura em que M\u00e1rio Dion\u00edsio trabalhava na escrita de <em>A paleta e o mundo<\/em>. Na nova edi\u00e7\u00e3o, feita com o apoio da Fondation luso-fran\u00e7aise Elise Senyarich, publica-se o texto em portugu\u00eas e tamb\u00e9m a vers\u00e3o francesa, encontrada no esp\u00f3lio de M\u00e1rio Dion\u00edsio e por ele corrigida.<\/p>\n<p>Finalmente, apresent\u00e1mos o conjunto de cadernos a que se chamou <em>Para uma bibliografia M\u00e1rio Dion\u00edsio<\/em>. O material foi preparado pela Eduarda Dion\u00edsio e <a href=\"http:\/\/noticias.centromariodionisio.org\/wp-content\/uploads\/Bibliografia-dedicat\u00f3ria-MK.pdf\">dedicado ao Ma\u00e7ariku<\/a>, \u00ab(\u2026) pensando sobretudo nos que n\u00e3o s\u00e3o eruditos nem candidatos a s\u00ea-lo. Mas que t\u00eam curiosidade por aquilo que n\u00e3o sabem e usam o que descobrem, como ele usava, com vontade de o transmitir aos outros\u00bb. Acreditamos que esta recolha possa servir de ponto de partida para quem se interesse n\u00e3o s\u00f3 pelo trabalho liter\u00e1rio e art\u00edstico de MD, mas tamb\u00e9m pela sua interven\u00e7\u00e3o pol\u00edtica, pelas suas cr\u00edticas e recens\u00f5es, pelas pol\u00e9micas em que se envolveu, ou pelo que sobre ele foi dito por outros a prop\u00f3sito de todas estas coisas. Impresso desta vez em papel, esta bibliografia estar\u00e1 em breve dispon\u00edvel online na p\u00e1gina da CA-CMD.<\/p>\n<p>Apresentadas as novas edi\u00e7\u00f5es, foi a vez do Grupo de Teatro Comunit\u00e1rio da Casa da Achada nos presentear com uma pequena encena\u00e7\u00e3o de dois poemas de M\u00e1rio Dion\u00edsio, preparada para a ocasi\u00e3o.<\/p>\n<p>E, como \u00e9 tradi\u00e7\u00e3o na CA-CMD e nas aldeias gaulesas, seguiu-se a festa e o conv\u00edvio no jardim, com cantigas, comidas e conversas.<\/p>\n\n\t\t<style type=\"text\/css\">\n\t\t\t#gallery-3 {\n\t\t\t\tmargin: auto;\n\t\t\t}\n\t\t\t#gallery-3 .gallery-item {\n\t\t\t\tfloat: left;\n\t\t\t\tmargin-top: 10px;\n\t\t\t\ttext-align: center;\n\t\t\t\twidth: 33%;\n\t\t\t}\n\t\t\t#gallery-3 img {\n\t\t\t\tborder: 2px solid #cfcfcf;\n\t\t\t}\n\t\t\t#gallery-3 .gallery-caption {\n\t\t\t\tmargin-left: 0;\n\t\t\t}\n\t\t\t\/* see gallery_shortcode() in wp-includes\/media.php *\/\n\t\t<\/style>\n\t\t<div id='gallery-3' class='gallery galleryid-5338 gallery-columns-3 gallery-size-medium'><dl class='gallery-item'>\n\t\t\t<dt class='gallery-icon landscape'>\n\t\t\t\t<a href='http:\/\/noticias.centromariodionisio.org\/?attachment_id=5347'><img width=\"300\" height=\"199\" src=\"http:\/\/noticias.centromariodionisio.org\/wp-content\/uploads\/6aniversario_09-300x199.jpg\" class=\"attachment-medium size-medium\" alt=\"\" decoding=\"async\" loading=\"lazy\" srcset=\"http:\/\/noticias.centromariodionisio.org\/wp-content\/uploads\/6aniversario_09-300x199.jpg 300w, http:\/\/noticias.centromariodionisio.org\/wp-content\/uploads\/6aniversario_09.jpg 1000w\" sizes=\"(max-width: 300px) 100vw, 300px\" \/><\/a>\n\t\t\t<\/dt><\/dl><dl class='gallery-item'>\n\t\t\t<dt class='gallery-icon landscape'>\n\t\t\t\t<a href='http:\/\/noticias.centromariodionisio.org\/?attachment_id=5346'><img width=\"300\" height=\"199\" src=\"http:\/\/noticias.centromariodionisio.org\/wp-content\/uploads\/6aniversario_08-300x199.jpg\" class=\"attachment-medium size-medium\" alt=\"\" decoding=\"async\" loading=\"lazy\" srcset=\"http:\/\/noticias.centromariodionisio.org\/wp-content\/uploads\/6aniversario_08-300x199.jpg 300w, http:\/\/noticias.centromariodionisio.org\/wp-content\/uploads\/6aniversario_08.jpg 1000w\" sizes=\"(max-width: 300px) 100vw, 300px\" \/><\/a>\n\t\t\t<\/dt><\/dl><dl class='gallery-item'>\n\t\t\t<dt class='gallery-icon landscape'>\n\t\t\t\t<a href='http:\/\/noticias.centromariodionisio.org\/?attachment_id=5345'><img width=\"300\" height=\"199\" src=\"http:\/\/noticias.centromariodionisio.org\/wp-content\/uploads\/6aniversario_07-300x199.jpg\" class=\"attachment-medium size-medium\" alt=\"\" decoding=\"async\" loading=\"lazy\" srcset=\"http:\/\/noticias.centromariodionisio.org\/wp-content\/uploads\/6aniversario_07-300x199.jpg 300w, http:\/\/noticias.centromariodionisio.org\/wp-content\/uploads\/6aniversario_07.jpg 1000w\" sizes=\"(max-width: 300px) 100vw, 300px\" \/><\/a>\n\t\t\t<\/dt><\/dl><br style=\"clear: both\" \/>\n\t\t<\/div>\n\n<p>&nbsp;<\/p>\n","protected":false},"excerpt":{"rendered":"<p>No dia 3 de Outubro, a Casa da Achada \u2013 Centro M\u00e1rio Dion\u00edsio comemorou o seu sexto anivers\u00e1rio de abertura ao p\u00fablico. Dedic\u00e1mos o dia ao V\u00edtor Silva Tavares, s\u00f3cio fundador e companheiro de lutas mais antigas, que nos deixou no fim de Setembro. Foi com a mem\u00f3ria dos amigos ausentes, do Ma\u00e7ariku, do Francisco [&hellip;]<\/p>\n","protected":false},"author":1,"featured_media":0,"comment_status":"open","ping_status":"closed","sticky":false,"template":"","format":"standard","meta":[],"categories":[1],"tags":[],"_links":{"self":[{"href":"http:\/\/noticias.centromariodionisio.org\/index.php?rest_route=\/wp\/v2\/posts\/5338"}],"collection":[{"href":"http:\/\/noticias.centromariodionisio.org\/index.php?rest_route=\/wp\/v2\/posts"}],"about":[{"href":"http:\/\/noticias.centromariodionisio.org\/index.php?rest_route=\/wp\/v2\/types\/post"}],"author":[{"embeddable":true,"href":"http:\/\/noticias.centromariodionisio.org\/index.php?rest_route=\/wp\/v2\/users\/1"}],"replies":[{"embeddable":true,"href":"http:\/\/noticias.centromariodionisio.org\/index.php?rest_route=%2Fwp%2Fv2%2Fcomments&post=5338"}],"version-history":[{"count":6,"href":"http:\/\/noticias.centromariodionisio.org\/index.php?rest_route=\/wp\/v2\/posts\/5338\/revisions"}],"predecessor-version":[{"id":5374,"href":"http:\/\/noticias.centromariodionisio.org\/index.php?rest_route=\/wp\/v2\/posts\/5338\/revisions\/5374"}],"wp:attachment":[{"href":"http:\/\/noticias.centromariodionisio.org\/index.php?rest_route=%2Fwp%2Fv2%2Fmedia&parent=5338"}],"wp:term":[{"taxonomy":"category","embeddable":true,"href":"http:\/\/noticias.centromariodionisio.org\/index.php?rest_route=%2Fwp%2Fv2%2Fcategories&post=5338"},{"taxonomy":"post_tag","embeddable":true,"href":"http:\/\/noticias.centromariodionisio.org\/index.php?rest_route=%2Fwp%2Fv2%2Ftags&post=5338"}],"curies":[{"name":"wp","href":"https:\/\/api.w.org\/{rel}","templated":true}]}}