{"id":4907,"date":"2014-09-10T12:06:10","date_gmt":"2014-09-10T12:06:10","guid":{"rendered":"http:\/\/noticias.centromariodionisio.org\/?p=4907"},"modified":"2014-09-21T13:34:55","modified_gmt":"2014-09-21T13:34:55","slug":"a-casa-da-achada-faz-5-anos","status":"publish","type":"post","link":"http:\/\/noticias.centromariodionisio.org\/?p=4907","title":{"rendered":"A CASA DA ACHADA FAZ 5 ANOS"},"content":{"rendered":"<p><a href=\"http:\/\/noticias.centromariodionisio.org\/wp-content\/uploads\/5\u00ba-Aniversa\u0301rio-.jpg\"><img decoding=\"async\" loading=\"lazy\" class=\"aligncenter wp-image-4908 size-large\" src=\"http:\/\/noticias.centromariodionisio.org\/wp-content\/uploads\/5\u00ba-Aniversa\u0301rio--347x1024.jpg\" alt=\"5\u00ba-Aniversa\u0301rio-\" width=\"347\" height=\"1024\" \/><\/a><\/p>\n<p><span style=\"color: #800000;\"><strong>Sexta-feira, 26 de Setembro<\/strong><\/span><\/p>\n<p><strong>&#8211; \u00e0s 21h30:<\/strong><\/p>\n<p><strong>AS M\u00c3OS OU AS INQUIETA\u00c7\u00d5ES. <\/strong>\u00c9 mais um momento em que o <strong>Grupo de Teatro Comunit\u00e1rio da Casa da Achada<\/strong> mostra um pouco do seu percurso, do seu fazer.<br \/>\nDesta vez um trabalho \u00e0 volta de dois poemas de <strong>M\u00e1rio Dion\u00edsio<\/strong> (\u00abPior que n\u00e3o cantar\u00bb e \u00abSolidariedade\u00bb) e de um texto (\u00abM\u00e3os cheias\u00bb) de <strong>Concei\u00e7\u00e3o Lopes<\/strong> com um apontamento do texto \u00abA M\u00e3e\u00bb da Comuna Teatro de Pesquisa, de 1977 (a partir de <strong>Bertolt Brecht<\/strong>), tudo isto pautado pela m\u00fasica do <strong>Balanescu Quartet<\/strong>.<br \/>\nTrabalho colectivo que vive das presen\u00e7as e das aus\u00eancias daqueles que lhe d\u00e3o corpo, das suas necessidades e dificuldades, das suas raivas e ang\u00fastias, das suas alegrias e tristezas, mas sobretudo da sua vontade de querer fazer.<br \/>\nFalamos e mostramos as nossas m\u00e3os como quem d\u00e1 e interroga. Tudo podemos fazer e desfazer com as nossas m\u00e3os.<br \/>\nEscolhemos fazer, dando as m\u00e3os!<\/p>\n<p><span style=\"color: #800000;\"><strong>S\u00e1bado, 27 de Setembro<\/strong><\/span><\/p>\n<p><strong>&#8211; das 11h \u00e0s 15h:<\/strong><\/p>\n<p><strong>FILMES DA ACHADA.<\/strong> Projec\u00e7\u00e3o de diversos filmes que foram sendo feitos ao longo destes cinco anos, por v\u00e1rias m\u00e3os, sobre M\u00e1rio Dion\u00edsio e sobre a Casa da Achada e as suas actividades.<\/p>\n<p><strong>&#8211; a partir das 15h:<\/strong><\/p>\n<p><strong>M\u00c1RIO DION\u00cdSIO &#8211; PREF\u00c1CIOS.<\/strong> Lan\u00e7amento do livro que re\u00fane 14 textos de M\u00e1rio Dion\u00edsio: 6 pref\u00e1cios a obras liter\u00e1rias de <strong>Manuel da Fonseca<\/strong>, <strong>Carlos de Oliveira<\/strong>, <strong>Alves Redol<\/strong>, <strong>Jos\u00e9 Gomes Ferreira<\/strong> e <strong>Jos\u00e9 Cardoso Pires<\/strong>; 3 introdu\u00e7\u00f5es a \u00e1lbuns de arte de <strong>J\u00falio Pomar<\/strong> e <strong>C\u00e2ndido Portinari<\/strong>; 5 textos introdut\u00f3rios a cat\u00e1logos de exposi\u00e7\u00f5es de <strong>Portinari<\/strong>, <strong>Jos\u00e9 J\u00falio<\/strong>, <strong>J\u00falio Resende<\/strong>, <strong>Manuel Filipe<\/strong> e <strong>S\u00e1-Nogueira<\/strong>.<br \/>\nEste \u00e9 o 7\u00ba volume da Colec\u00e7\u00e3o M\u00e1rio Dion\u00edsio, editada pela Casa da Achada.<\/p>\n<p><strong>EXPOSI\u00c7\u00c3O \u00ab10 ARTISTAS DE QUE M\u00c1RIO DION\u00cdSIO FALOU\u00bb. <\/strong>Inaugura\u00e7\u00e3o da exposi\u00e7\u00e3o que re\u00fane obras (grande parte delas pertencentes ao acervo da Casa da Achada) de 10 artistas sobre os quais M\u00e1rio Dion\u00edsio escreveu em livros, pref\u00e1cios, \u00e1lbuns, cat\u00e1logos, artigos: <strong>C\u00e2ndido Portinari<\/strong>, <strong>J\u00falio Pomar<\/strong>, <strong>J\u00falio<\/strong>, <strong>Manuel Ribeiro de Pavia<\/strong>, <strong>Carlos de Oliveira<\/strong> (um grande escritor que tamb\u00e9m pintou), <strong>Abel Salazar<\/strong> (um grande cientista que tamb\u00e9m pintou), <strong>J\u00falio Resende<\/strong>, <strong>Manuel Filipe<\/strong>, <strong>Vieira da Silva<\/strong> e <strong>Jos\u00e9 J\u00falio<\/strong>.<\/p>\n<p><strong>COM QUE MUNDO SONHO QUANDO ESTOU ACORDADO.<\/strong> Quando o recuperado \u00e9 irrecuper\u00e1vel, quando o poss\u00edvel nos esmaga, que sonho se solta em n\u00f3s? Que sobressaltos desejamos? Que poss\u00edveis mundos novos imposs\u00edveis?<br \/>\nUma esp\u00e9cie de <em>speakers corner<\/em>. S\u00e9rie de interven\u00e7\u00f5es a muitas vozes, em todos os cantos da casa.<\/p>\n<blockquote><p>o irrecuper\u00e1vel<br \/>\nrecuperado ei-lo aqui sorrindo<br \/>\ncom a boca torcida mas feliz<\/p>\n<p>com os bra\u00e7os esmagados mas feliz<br \/>\no que n\u00e3o volta eis volta<br \/>\npor ignoradas m\u00e3os<br \/>\nnuma hora esquecida<br \/>\nentre as horas marcadas<\/p>\n<p>poss\u00edvel\u00a0 o recome\u00e7o<br \/>\nposs\u00edvel\u00a0 o sobressalto<br \/>\nposs\u00edvel\u00a0 o sonho solto<br \/>\nposs\u00edvel\u00a0 um mundo novo<br \/>\nposs\u00edvel\u00a0 o imposs\u00edvel<\/p>\n<p>outro \u00e9 o destino do homem<\/p>\n<div>\n<p>M\u00e1rio Dion\u00edsio<\/p>\n<\/div>\n<\/blockquote>\n<p><strong>CORO DA ACHADA.<\/strong> O <a href=\"http:\/\/centromariodionisio.org\/casadaachada_coro.php\">coro da Achada<\/a> participa no quinto anivers\u00e1rio da Casa da Achada &#8211; Centro M\u00e1rio Dion\u00edsio com uma s\u00e9rie de novas can\u00e7\u00f5es e textos zangados com a explora\u00e7\u00e3o e o desemprego, denunciando as guerras que t\u00eam a cor do dinheiro e os racismos do ano inteiro. Juntamos cria\u00e7\u00f5es originais e outras can\u00e7\u00f5es mais antigas, que v\u00e3o regressando quando precisamos delas, porque \u00abn\u00e3o h\u00e1 machado que corte a raiz ao pensamento\u00bb. E porque, como faz a Casa da Achada, queremos trocar palavras e ideias, artes e saberes, hist\u00f3rias e resist\u00eancias. Neste caso, com vozes e m\u00fasica.<\/p>\n<p><span style=\"color: #800000;\"><strong>Domingo, 28 de Setembro<\/strong><\/span><\/p>\n<p><strong>&#8211; das 11h \u00e0s 18h:<\/strong><\/p>\n<p><strong> OFICINAS &#8211; COM QUE MUNDO SONHO QUANDO ESTOU ACORDADO.<\/strong> Uma s\u00e9rie de oficinas de diversas \u00e1reas, materiais e fabricos, com gente variada, para fazer o mundo que sonhamos. <span class=\"fsl\"><span class=\"text_exposed_show\"><strong>Fabricar um texto<\/strong> com <strong>Regina Guimar\u00e3es<\/strong>, <strong>fotografia<\/strong> com <strong>Youri Paiva<\/strong>, <strong>fazer uma can\u00e7\u00e3o<\/strong> com <strong>Pedro Rodrigues<\/strong>, <strong>pintura<\/strong> com <strong>Pierre Pratt<\/strong>, <strong>colagens<\/strong> com <strong>Jos\u00e9 Smith Vargas<\/strong>.<\/span><\/span><\/p>\n<p><span style=\"color: #800000;\"><strong>Segunda-feira, 29 de Setembro<\/strong><\/span><\/p>\n<p><strong>&#8211; das 16h \u00e0s 18h30<\/strong>:<\/p>\n<p><strong>FILMES DA ACHADA.<\/strong> Projec\u00e7\u00e3o de diversos filmes que foram sendo feitos ao longo destes cinco anos, por v\u00e1rias m\u00e3os, sobre M\u00e1rio Dion\u00edsio e sobre a Casa da Achada e as suas actividades.<\/p>\n<p><em><strong>&#8211; <\/strong><\/em><strong>\u00e0s 18h30<\/strong>:<\/p>\n<p><strong>CICLO A PALETA E O MUNDO III.<\/strong> Leitura comentada, com projec\u00e7\u00e3o de imagens, de <em><strong>O drama de Vicente van Gogh<\/strong><\/em> de <strong>M\u00e1rio Dion\u00edsio <\/strong>por <strong>Lena Bragan\u00e7a Gil<\/strong>.<\/p>\n<p><strong>&#8211; \u00e0s 21h30<\/strong>:<\/p>\n<p><strong>CICLO DE CINEMA AO AR LIVRE &#8211; CIDADES DE CERTAS MANEIRAS.<\/strong> Projec\u00e7\u00e3o do filme <em><strong>Alphaville <\/strong><\/em>(1965, 99 min.) de <strong>Jean-Luc Godard<\/strong>. Quem apresenta \u00e9 <strong>Saguenail<\/strong>.<\/p>\n","protected":false},"excerpt":{"rendered":"<p>Sexta-feira, 26 de Setembro &#8211; \u00e0s 21h30: AS M\u00c3OS OU AS INQUIETA\u00c7\u00d5ES. \u00c9 mais um momento em que o Grupo de Teatro Comunit\u00e1rio da Casa da Achada mostra um pouco do seu percurso, do seu fazer. Desta vez um trabalho \u00e0 volta de dois poemas de M\u00e1rio Dion\u00edsio (\u00abPior que n\u00e3o cantar\u00bb e \u00abSolidariedade\u00bb) e [&hellip;]<\/p>\n","protected":false},"author":1,"featured_media":0,"comment_status":"open","ping_status":"closed","sticky":false,"template":"","format":"standard","meta":[],"categories":[11,12,14,1],"tags":[],"_links":{"self":[{"href":"http:\/\/noticias.centromariodionisio.org\/index.php?rest_route=\/wp\/v2\/posts\/4907"}],"collection":[{"href":"http:\/\/noticias.centromariodionisio.org\/index.php?rest_route=\/wp\/v2\/posts"}],"about":[{"href":"http:\/\/noticias.centromariodionisio.org\/index.php?rest_route=\/wp\/v2\/types\/post"}],"author":[{"embeddable":true,"href":"http:\/\/noticias.centromariodionisio.org\/index.php?rest_route=\/wp\/v2\/users\/1"}],"replies":[{"embeddable":true,"href":"http:\/\/noticias.centromariodionisio.org\/index.php?rest_route=%2Fwp%2Fv2%2Fcomments&post=4907"}],"version-history":[{"count":5,"href":"http:\/\/noticias.centromariodionisio.org\/index.php?rest_route=\/wp\/v2\/posts\/4907\/revisions"}],"predecessor-version":[{"id":4914,"href":"http:\/\/noticias.centromariodionisio.org\/index.php?rest_route=\/wp\/v2\/posts\/4907\/revisions\/4914"}],"wp:attachment":[{"href":"http:\/\/noticias.centromariodionisio.org\/index.php?rest_route=%2Fwp%2Fv2%2Fmedia&parent=4907"}],"wp:term":[{"taxonomy":"category","embeddable":true,"href":"http:\/\/noticias.centromariodionisio.org\/index.php?rest_route=%2Fwp%2Fv2%2Fcategories&post=4907"},{"taxonomy":"post_tag","embeddable":true,"href":"http:\/\/noticias.centromariodionisio.org\/index.php?rest_route=%2Fwp%2Fv2%2Ftags&post=4907"}],"curies":[{"name":"wp","href":"https:\/\/api.w.org\/{rel}","templated":true}]}}