{"id":3571,"date":"2012-05-19T17:33:41","date_gmt":"2012-05-19T17:33:41","guid":{"rendered":"http:\/\/noticias.centromariodionisio.org\/?p=3571"},"modified":"2012-05-21T17:25:52","modified_gmt":"2012-05-21T17:25:52","slug":"20-a-21-de-maio-oficina-de-traducao-leitura-de-abel-salazar-cinema-com-a-linha-geral-de-einsenstein","status":"publish","type":"post","link":"http:\/\/noticias.centromariodionisio.org\/?p=3571","title":{"rendered":"20 a 21 de Maio: Oficina de tradu\u00e7\u00e3o; leitura de Abel Salazar; cinema com &#8216;A linha geral&#8217; de Eisenstein"},"content":{"rendered":"<p style=\"text-align: center;\"><a href=\"http:\/\/noticias.centromariodionisio.org\/wp-content\/uploads\/oficina_trad.jpg\"><img decoding=\"async\" loading=\"lazy\" class=\"aligncenter size-full wp-image-3572\" title=\"oficina_trad\" src=\"http:\/\/noticias.centromariodionisio.org\/wp-content\/uploads\/oficina_trad.jpg\" alt=\"\" width=\"300\" height=\"424\" srcset=\"http:\/\/noticias.centromariodionisio.org\/wp-content\/uploads\/oficina_trad.jpg 424w, http:\/\/noticias.centromariodionisio.org\/wp-content\/uploads\/oficina_trad-212x300.jpg 212w\" sizes=\"(max-width: 300px) 100vw, 300px\" \/><\/a><\/p>\n<p style=\"text-align: left;\"><span style=\"color: #800000;\"><strong>OFICINA DE TRADU\u00c7\u00c3O<\/strong><\/span><br \/>\n<strong>Domingo, 20 de Maio, das 15h30 \u00e0s 17h30<\/strong><\/p>\n<p style=\"text-align: left;\">Em tr\u00eas sess\u00f5es orientadas por tr\u00eas pessoas diferentes <strong>vamos aprender e partilhar t\u00e9cnicas de tradu\u00e7\u00e3o<\/strong>: como escrever, os sentidos das palavras, problemas e pormenores. Na anterior sess\u00e3o, Miguel Serras Pereira p\u00f4s os participantes a traduzir, do franc\u00eas, um livro de Diderot, e comparar as suas tradu\u00e7\u00f5es com uma tradu\u00e7\u00e3o editada em portugu\u00eas. Nesta sess\u00e3o, com <strong>Jo\u00e3o Paulo Esteves da Silva<\/strong>, vamos <strong>traduzir a partir do hebraico<\/strong>.<\/p>\n<p style=\"text-align: left;\">A oficina \u00e9 para todos a partir dos 16 anos. N\u00e3o \u00e9 necess\u00e1rio conhecer a l\u00edngua da qual se vai traduzir.<\/p>\n<p style=\"text-align: center;\"><a href=\"http:\/\/noticias.centromariodionisio.org\/wp-content\/uploads\/Cartz-segunda-21-Maio-12.jpg\"><img decoding=\"async\" loading=\"lazy\" class=\"aligncenter size-large wp-image-3573\" title=\"Cartz segunda 21 Maio 12\" src=\"http:\/\/noticias.centromariodionisio.org\/wp-content\/uploads\/Cartz-segunda-21-Maio-12-677x1024.jpg\" alt=\"\" width=\"300\" height=\"424\" \/><\/a><\/p>\n<p><strong><span style=\"color: #800000;\">CICLO A PALETA E O MUNDO III<\/span><br \/>\nSegunda-feira, 21 de Maio, 18h30<\/strong><\/p>\n<p>Na 3\u00aa parte do ciclo \u00abA Paleta e o Mundo\u00bb lemos obras que foram citadas em <em><a href=\"http:\/\/centromariodionisio.org\/paleta_mundo_1_edicao.php\">A Paleta e o Mundo<\/a><\/em> de M\u00e1rio Dion\u00edsio, ou obras de autores seus contempor\u00e2neos.<\/p>\n<p>Em Maio come\u00e7a a leitura do cap\u00edtulo <strong>\u00abDetermina\u00e7\u00e3o de (R)\u00bb <\/strong>do livro <em><strong>Que \u00e9 arte? <\/strong><\/em>(1940) de <strong>Abel Salazar<\/strong>, com projec\u00e7\u00e3o de imagens, por <strong>Carla Mota<\/strong> e <strong>Helena Barradas<\/strong>.<\/p>\n<blockquote><p>\u00abE, no entanto, o cuidado com aquilo a que, por grosseira mas for\u00e7osa aproxima\u00e7\u00e3o, chamamos forma, a inven\u00e7\u00e3o apaixonada da forma, a honesta constru\u00e7\u00e3o da forma, o entranhado amor da forma n\u00e3o \u00e9 mais que a consci\u00eancia aguda do problema da express\u00e3o. N\u00e3o \u00e9 um entrave para o pensamento, um inimigo do pensamento. Inventar formas \u2013 sinal glorioso do poder do homem \u2013 \u00e9, bem pelo contr\u00e1rio, tornar o mais precioso poss\u00edvel o que, s\u00f3 por elas, se revela ser o nosso pensamento. &#8220;Na escolha de uma forma&#8221;, escreveu Pius Servien, &#8220;alguma coisa \u00e9 ainda investiga\u00e7\u00e3o de fundo (&#8230;). \u00c9 ainda como que uma des coberta no seio da descoberta, alguma coisa que se passa no plano do conte\u00fado positivo.&#8221;<br \/>\nIsto mesmo ter\u00e1 levado Abel Salazar a concluir que &#8220;criar e compor em arte s\u00e3o termos quase sin\u00f3nimos&#8221;. Isto mesmo nos levar\u00e1 a compreender que os v\u00edcios (que os h\u00e1) do chamado \u00abformalismo\u00bb n\u00e3o est\u00e3o no zelo desta inven\u00e7\u00e3o constantemente recome\u00e7ada de uma nova realidade que \u00e9 o pr\u00f3prio corpo da arte. Que a doen\u00e7a est\u00e1 noutro lado.\u00bb<br \/>\n<strong>M\u00e1rio Dion\u00edsio, \u00abO sonho e as m\u00e3os &#8211; II\u00bb, <em><a href=\"http:\/\/centromariodionisio.org\/edicoes.php\">Entre palavras e cores \u2013 alguns dispersos (1937-1990)<\/a><\/em><\/strong><\/p><\/blockquote>\n<p>&nbsp;<\/p>\n<p><span style=\"color: #800000;\"><strong>CICLO DE CINEMA \u00abPOL\u00cdTICA UMA VEZ POR SEMANA\u00bb<\/strong><\/span><br \/>\n<strong>Segunda-feira, 21 de Maio, 21h30<\/strong><\/p>\n<p>Agora que parece que temos pouco que ver com pol\u00edtica, embora ela nos determine a vida quotidianamente, apresentamos o ciclo de cinema<strong> \u00abPol\u00edtica uma vez por semana\u00bb<\/strong>. A pol\u00edtica n\u00e3o \u00e9 s\u00f3 a do poder, ou as vias mais ou menos legais para o alcan\u00e7ar, mas tamb\u00e9m levantamentos populares, lutas pequenas (ou grandes), revoltas e revolu\u00e7\u00f5es, de que a Hist\u00f3ria e as nossas vidas se fazem. \u00c9 imposs\u00edvel separar a Pol\u00edtica da Hist\u00f3ria. E a arte \u2013 o cinema inclu\u00eddo \u2013 tem pol\u00edtica dentro.<\/p>\n<p>Nesta sess\u00e3o deste ciclo projectamos<strong><em> A linha geral <\/em><\/strong>(1929, 121 min.) de <strong><\/strong> <strong>Sergei Eisenstein<\/strong>, sobre a colectiviza\u00e7\u00e3o da agricultura na URSS. Quem apresenta \u00e9<strong> V\u00edtor Silva Tavares<\/strong>.<\/p>\n<p><strong>Sinopse:<\/strong><\/p>\n<blockquote><p>H\u00e1 muito tempo que n\u00e3o chove. Com bar\u00f3metros escondidos nas mangas, os sacerdotes ortodoxos decidem organizar uma prociss\u00e3o para \u00abchamar a chuva\u00bb. Em v\u00e3o. Perante a mis\u00e9ria do mundo campon\u00eas, submetido \u00e0 autoridade dos sacerdotes, \u00e0 estupidez dos costumes e \u00e0 supersti\u00e7\u00e3o, Marfa e alguns outros decidem agir. Gra\u00e7as ao dinheiro poupado colectivamente (portanto, dificilmente) pelos camponeses, Marfa compra um touro para a reprou\u00e7\u00e3o de vitelos. Grande cena de acasalamento em que as vitelas se encontram com o touro. Mas o touro \u00e9 envenenado pelos ricos kulaks. Marfa vai ent\u00e3o \u00e0 cidade, para pedir ajuda. Da f\u00e1brica, parte um grupo de oper\u00e1rios desejosos de desenvolver a agricultura; um sovhoze pr\u00f3ximo entrega-lhe uma desnatadeira e um conjunto de tractores. Primeiro, a desnatadeira e os tractores n\u00e3o funcionam, mas tudo acaba por se resolver: longas sequ\u00eancias que glorificam as m\u00e1quinas. A f\u00e1brica e o sovkhoze deram provas aos camponeses do interesse geral pela entreajuda colectiva e a mecaniza\u00e7\u00e3o. Marfa pode finalmente sorrir.<\/p><\/blockquote>\n<p style=\"text-align: center;\"><iframe loading=\"lazy\" src=\"http:\/\/www.youtube.com\/embed\/yE2L045qTxc\" frameborder=\"0\" width=\"420\" height=\"315\"><\/iframe><\/p>\n","protected":false},"excerpt":{"rendered":"<p>OFICINA DE TRADU\u00c7\u00c3O Domingo, 20 de Maio, das 15h30 \u00e0s 17h30 Em tr\u00eas sess\u00f5es orientadas por tr\u00eas pessoas diferentes vamos aprender e partilhar t\u00e9cnicas de tradu\u00e7\u00e3o: como escrever, os sentidos das palavras, problemas e pormenores. Na anterior sess\u00e3o, Miguel Serras Pereira p\u00f4s os participantes a traduzir, do franc\u00eas, um livro de Diderot, e comparar as [&hellip;]<\/p>\n","protected":false},"author":1,"featured_media":0,"comment_status":"open","ping_status":"closed","sticky":false,"template":"","format":"standard","meta":[],"categories":[11,12,15],"tags":[],"_links":{"self":[{"href":"http:\/\/noticias.centromariodionisio.org\/index.php?rest_route=\/wp\/v2\/posts\/3571"}],"collection":[{"href":"http:\/\/noticias.centromariodionisio.org\/index.php?rest_route=\/wp\/v2\/posts"}],"about":[{"href":"http:\/\/noticias.centromariodionisio.org\/index.php?rest_route=\/wp\/v2\/types\/post"}],"author":[{"embeddable":true,"href":"http:\/\/noticias.centromariodionisio.org\/index.php?rest_route=\/wp\/v2\/users\/1"}],"replies":[{"embeddable":true,"href":"http:\/\/noticias.centromariodionisio.org\/index.php?rest_route=%2Fwp%2Fv2%2Fcomments&post=3571"}],"version-history":[{"count":10,"href":"http:\/\/noticias.centromariodionisio.org\/index.php?rest_route=\/wp\/v2\/posts\/3571\/revisions"}],"predecessor-version":[{"id":3586,"href":"http:\/\/noticias.centromariodionisio.org\/index.php?rest_route=\/wp\/v2\/posts\/3571\/revisions\/3586"}],"wp:attachment":[{"href":"http:\/\/noticias.centromariodionisio.org\/index.php?rest_route=%2Fwp%2Fv2%2Fmedia&parent=3571"}],"wp:term":[{"taxonomy":"category","embeddable":true,"href":"http:\/\/noticias.centromariodionisio.org\/index.php?rest_route=%2Fwp%2Fv2%2Fcategories&post=3571"},{"taxonomy":"post_tag","embeddable":true,"href":"http:\/\/noticias.centromariodionisio.org\/index.php?rest_route=%2Fwp%2Fv2%2Ftags&post=3571"}],"curies":[{"name":"wp","href":"https:\/\/api.w.org\/{rel}","templated":true}]}}