{"id":3559,"date":"2012-05-16T12:53:49","date_gmt":"2012-05-16T12:53:49","guid":{"rendered":"http:\/\/noticias.centromariodionisio.org\/?p=3559"},"modified":"2012-05-19T17:45:12","modified_gmt":"2012-05-19T17:45:12","slug":"17-a-19-de-maio-as-aparicoes-de-fatima-com-padre-mario-de-oliveira-luis-miguel-cintra-le-lusiadas-venda-de-obras-de-arte-%c2%abmario-dionisio-o-pintor%c2%bb-em-alhos-vedros","status":"publish","type":"post","link":"http:\/\/noticias.centromariodionisio.org\/?p=3559","title":{"rendered":"17 a 19 de Maio: As \u00abapari\u00e7\u00f5es\u00bb de F\u00e1tima com Padre M\u00e1rio de Oliveira; Lu\u00eds Miguel Cintra l\u00ea &#8216;Lus\u00edadas&#8217;; venda de obras de arte; \u00abM\u00e1rio Dion\u00edsio &#8211; O Pintor\u00bb em Alhos Vedros"},"content":{"rendered":"<p style=\"text-align: center;\"><a href=\"http:\/\/noticias.centromariodionisio.org\/wp-content\/uploads\/HdH_Fatima.jpg\"><img decoding=\"async\" loading=\"lazy\" class=\"aligncenter size-large wp-image-3560\" title=\"HdH_Fatima\" src=\"http:\/\/noticias.centromariodionisio.org\/wp-content\/uploads\/HdH_Fatima-723x1024.jpg\" alt=\"\" width=\"300\" height=\"424\" srcset=\"http:\/\/noticias.centromariodionisio.org\/wp-content\/uploads\/HdH_Fatima-723x1024.jpg 723w, http:\/\/noticias.centromariodionisio.org\/wp-content\/uploads\/HdH_Fatima-212x300.jpg 212w, http:\/\/noticias.centromariodionisio.org\/wp-content\/uploads\/HdH_Fatima.jpg 1654w\" sizes=\"(max-width: 300px) 100vw, 300px\" \/><\/a><\/p>\n<p><span style=\"color: #800000;\"><strong>HIST\u00d3RIAS DA HIST\u00d3RIA: AS APARI\u00c7\u00d5ES DE F\u00c1TIMA <\/strong><\/span><br \/>\n<span style=\"color: #800000;\"><strong> com Padre M\u00e1rio de Oliveira<\/strong><\/span><br \/>\n<strong>Sexta-feira, 18 de Maio, 18h<\/strong><\/p>\n<p>Desta vez vamos fala com <a href=\"http:\/\/www.padremariodalixa.pt.vu\/\"><strong>Padre M\u00e1rio de Oliveira<\/strong><\/a> sobre <strong>as apari\u00e7\u00f5es de F\u00e1tima em 13 de Maio de 1917<\/strong>.<\/p>\n<p>M\u00e1rio de Oliveira, conhecido como M\u00e1rio da Lixa, foi ordenado padre em 1962, foi professor de Religi\u00e3o e Moral. Preso pela PIDE\/DGS em 1970 e em 1973. Afastado, por motivos pol\u00edticos, do ensino e das par\u00f3quias. Jornalista no <em>Rep\u00fablica<\/em>, <em>P\u00e1gina Um<\/em> e <em>Correio do Minho<\/em>. Fundou a associa\u00e7\u00e3o Padre Maximino, em S\u00e3o Pedro da Cova. Editou mais de 30 livros, entre os quais alguns dedicados a F\u00e1tima: <em>F\u00e1tima nunca mais<\/em> e <em>F\u00e1timamente<\/em>.<\/p>\n<p>Neste ciclo, <strong>\u00abhist\u00f3rias da Hist\u00f3ria\u00bb<\/strong>, conversamos sobre efem\u00e9rides da Hist\u00f3ria, contempor\u00e2neas de M\u00e1rio Dion\u00edsio, pensando sempre tamb\u00e9m no que se passa hoje. Porque h\u00e1 coisas de que se fala hoje &#8211; como a t\u00e3o badalada \u00abcrise\u00bb &#8211; que n\u00e3o s\u00e3o coisas novas, algumas nunca deixaram de existir, outras ressurgiram em s\u00edtios e alturas diferentes. J\u00e1 fal\u00e1mos sobre a ascen\u00e7\u00e3o de Hitler ao poder e sobre a Comuna de Paris.<\/p>\n<p style=\"text-align: center;\"><a href=\"http:\/\/noticias.centromariodionisio.org\/wp-content\/uploads\/LNV1.jpg\"><img decoding=\"async\" loading=\"lazy\" class=\"aligncenter size-large wp-image-3561\" title=\"LNV\" src=\"http:\/\/noticias.centromariodionisio.org\/wp-content\/uploads\/LNV1-723x1024.jpg\" alt=\"\" width=\"300\" height=\"424\" srcset=\"http:\/\/noticias.centromariodionisio.org\/wp-content\/uploads\/LNV1-723x1024.jpg 723w, http:\/\/noticias.centromariodionisio.org\/wp-content\/uploads\/LNV1-212x300.jpg 212w, http:\/\/noticias.centromariodionisio.org\/wp-content\/uploads\/LNV1.jpg 1654w\" sizes=\"(max-width: 300px) 100vw, 300px\" \/><\/a><\/p>\n<p><span style=\"color: #800000;\"><strong>LIVROS DAS NOSSAS VIDAS<\/strong><\/span><br \/>\n<strong><span style=\"color: #800000;\"> <em>OS LUS\u00cdADAS <\/em>LIDO POR LU\u00cdS MIGUEL CINTRA<\/span><br \/>\nS\u00e1bado, 19 de Maio, 16h<\/strong><\/p>\n<p><strong>Lu\u00eds Miguel Cintra<\/strong> vem ler extractos de <em><strong>Os Lus\u00edadas<\/strong><\/em> de <strong>Lu\u00eds de Cam\u00f5es<\/strong>.<\/p>\n<p>24.\u00aa sess\u00e3o de uma s\u00e9rie com periodicidade mensal, a partir de livros e autores referidos por M\u00e1rio Dion\u00edsio num depoimento sobre \u00abOs livros da minha vida\u00bb.<\/p>\n<p><span style=\"color: #800000;\"><strong>VENDA DE OBRAS DE ARTE<\/strong><\/span><br \/>\n<span style=\"color: #800000;\"><strong> para angaria\u00e7\u00e3o de fundos<\/strong><\/span><br \/>\n<strong>S\u00e1bado, 19 de Maio, a partir das 11h<\/strong><\/p>\n<p><strong>Para a Casa da Achada &#8211; Centro M\u00e1rio Dion\u00edsio continuar com as suas actividades, sempre de entrada e participa\u00e7\u00e3o livre, \u00e9 preciso a ajuda de todos os que possam e queiram<\/strong> &#8211; que os subs\u00eddios, pequenos, n\u00e3o chegam.<\/p>\n<p>Por isso, organizamos uma <strong>venda de obras de arte<\/strong> que v\u00e1rios autores ofereceram \u00e0 Casa da Achada para angaria\u00e7\u00e3o de fundos &#8211; de pre\u00e7os e tipos muito diferentes. <strong>As obras de arte dispon\u00edveis podem ser consultadas nesta <a href=\"http:\/\/www.centromariodionisio.org\/obras_arte.php\">p\u00e1gina<\/a><\/strong>.<\/p>\n<p style=\"text-align: center;\"><a href=\"http:\/\/noticias.centromariodionisio.org\/wp-content\/uploads\/CACAV1.jpg\"><img decoding=\"async\" loading=\"lazy\" class=\"aligncenter size-full wp-image-3568\" title=\"CACAV\" src=\"http:\/\/noticias.centromariodionisio.org\/wp-content\/uploads\/CACAV1.jpg\" alt=\"\" width=\"300\" height=\"424\" \/><\/a><\/p>\n<p><span style=\"color: #800000;\"><strong>CICLO DE CONFER\u00caNCIAS EM ALHOS VEDROS<\/strong><\/span><br \/>\n<strong><span style=\"color: #800000;\"> \u00abM\u00e1rio Dion\u00edsio &#8211; O Pintor\u00bb com Rui-M\u00e1rio Gon\u00e7alves<\/span><br \/>\nQuinta-feira, 17 de Maio, 21h30<br \/>\nBiblioteca Municipal Jos\u00e9 Afonso, Alhos Vedros<\/strong><\/p>\n<p>A Casa da Achada, em colabora\u00e7\u00e3o com o <strong><a href=\"http:\/\/cacav-esteiro-cacav.blogspot.pt\/\">CACAV &#8211; C\u00edrculo de Anima\u00e7\u00e3o Cultural de Alhos Vedros<\/a><\/strong>, organiza um ciclo de confer\u00eancias sobre M\u00e1rio Dion\u00edsio. Nesta confer\u00eancia o cr\u00edtico de arte <strong>Rui-M\u00e1rio Gon\u00e7alves<\/strong> fala sobre a <strong>pintura na obra de M\u00e1rio Dion\u00edsio<\/strong>.<\/p>\n","protected":false},"excerpt":{"rendered":"<p>HIST\u00d3RIAS DA HIST\u00d3RIA: AS APARI\u00c7\u00d5ES DE F\u00c1TIMA com Padre M\u00e1rio de Oliveira Sexta-feira, 18 de Maio, 18h Desta vez vamos fala com Padre M\u00e1rio de Oliveira sobre as apari\u00e7\u00f5es de F\u00e1tima em 13 de Maio de 1917. M\u00e1rio de Oliveira, conhecido como M\u00e1rio da Lixa, foi ordenado padre em 1962, foi professor de Religi\u00e3o e [&hellip;]<\/p>\n","protected":false},"author":1,"featured_media":0,"comment_status":"open","ping_status":"closed","sticky":false,"template":"","format":"standard","meta":[],"categories":[18,1,26,21],"tags":[],"_links":{"self":[{"href":"http:\/\/noticias.centromariodionisio.org\/index.php?rest_route=\/wp\/v2\/posts\/3559"}],"collection":[{"href":"http:\/\/noticias.centromariodionisio.org\/index.php?rest_route=\/wp\/v2\/posts"}],"about":[{"href":"http:\/\/noticias.centromariodionisio.org\/index.php?rest_route=\/wp\/v2\/types\/post"}],"author":[{"embeddable":true,"href":"http:\/\/noticias.centromariodionisio.org\/index.php?rest_route=\/wp\/v2\/users\/1"}],"replies":[{"embeddable":true,"href":"http:\/\/noticias.centromariodionisio.org\/index.php?rest_route=%2Fwp%2Fv2%2Fcomments&post=3559"}],"version-history":[{"count":9,"href":"http:\/\/noticias.centromariodionisio.org\/index.php?rest_route=\/wp\/v2\/posts\/3559\/revisions"}],"predecessor-version":[{"id":3565,"href":"http:\/\/noticias.centromariodionisio.org\/index.php?rest_route=\/wp\/v2\/posts\/3559\/revisions\/3565"}],"wp:attachment":[{"href":"http:\/\/noticias.centromariodionisio.org\/index.php?rest_route=%2Fwp%2Fv2%2Fmedia&parent=3559"}],"wp:term":[{"taxonomy":"category","embeddable":true,"href":"http:\/\/noticias.centromariodionisio.org\/index.php?rest_route=%2Fwp%2Fv2%2Fcategories&post=3559"},{"taxonomy":"post_tag","embeddable":true,"href":"http:\/\/noticias.centromariodionisio.org\/index.php?rest_route=%2Fwp%2Fv2%2Ftags&post=3559"}],"curies":[{"name":"wp","href":"https:\/\/api.w.org\/{rel}","templated":true}]}}