{"id":3508,"date":"2012-05-14T15:04:11","date_gmt":"2012-05-14T15:04:11","guid":{"rendered":"http:\/\/noticias.centromariodionisio.org\/?p=3508"},"modified":"2012-05-14T15:04:11","modified_gmt":"2012-05-14T15:04:11","slug":"14-de-maio-leitura-de-que-e-arte-de-abel-salazar-cinema-com-lip-imaginacao-ao-poder","status":"publish","type":"post","link":"http:\/\/noticias.centromariodionisio.org\/?p=3508","title":{"rendered":"14 de Maio: Leitura de &#8216;Que \u00e9 arte?&#8217; de Abel Salazar, cinema com &#8216;LIP &#8211; Imagina\u00e7\u00e3o ao poder&#8217;"},"content":{"rendered":"<p style=\"text-align: center;\"><a href=\"http:\/\/noticias.centromariodionisio.org\/wp-content\/uploads\/Cartaz-segunda-14-de-Maio-12.jpg\"><img decoding=\"async\" loading=\"lazy\" class=\"aligncenter size-large wp-image-3510\" title=\"Cartaz segunda 14 de Maio 12\" src=\"http:\/\/noticias.centromariodionisio.org\/wp-content\/uploads\/Cartaz-segunda-14-de-Maio-12-700x1024.jpg\" alt=\"\" width=\"300\" height=\"424\" \/><\/a><\/p>\n<p><strong><span style=\"color: #800000;\">CICLO A PALETA E O MUNDO III<\/span><br \/>\nSegunda-feira, 14 de Maio, 18h30<\/strong><\/p>\n<p>Na 3\u00aa parte do ciclo \u00abA Paleta e o Mundo\u00bb lemos obras que foram citadas em <em><a href=\"http:\/\/centromariodionisio.org\/paleta_mundo_1_edicao.php\">A Paleta e o Mundo<\/a><\/em> de M\u00e1rio Dion\u00edsio, ou obras de autores seus contempor\u00e2neos.<\/p>\n<p>Nesta sess\u00e3o continua a leitura de <strong>\u00abDetermina\u00e7\u00e3o de (R)\u00bb<\/strong>, 2\u00ba cap\u00edtulo do livro <em><strong>Que \u00e9 arte? <\/strong><\/em>(1940) de <strong>Abel Salazar<\/strong>, com projec\u00e7\u00e3o de imagens, por <strong>Carla Mota<\/strong> e <strong>Helena Barradas<\/strong>.<\/p>\n<blockquote><p>\u00abE, no entanto, o cuidado com aquilo a que, por grosseira mas for\u00e7osa aproxima\u00e7\u00e3o, chamamos forma, a inven\u00e7\u00e3o apaixonada da forma, a honesta constru\u00e7\u00e3o da forma, o entranhado amor da forma n\u00e3o \u00e9 mais que a consci\u00eancia aguda do problema da express\u00e3o. N\u00e3o \u00e9 um entrave para o pensamento, um inimigo do pensamento. Inventar formas \u2013 sinal glorioso do poder do homem \u2013 \u00e9, bem pelo contr\u00e1rio, tornar o mais precioso poss\u00edvel o que, s\u00f3 por elas, se revela ser o nosso pensamento. \u201cNa escolha de uma forma\u201d, escreveu Pius Servien, \u201calguma coisa \u00e9 ainda investiga\u00e7\u00e3o de fundo (\u2026). \u00c9 ainda como que uma des coberta no seio da descoberta, alguma coisa que se passa no plano do conte\u00fado positivo.\u201d<br \/>\nIsto mesmo ter\u00e1 levado Abel Salazar a concluir que \u201ccriar e compor em arte s\u00e3o termos quase sin\u00f3nimos\u201d. Isto mesmo nos levar\u00e1 a compreender que os v\u00edcios (que os h\u00e1) do chamado \u00abformalismo\u00bb n\u00e3o est\u00e3o no zelo desta inven\u00e7\u00e3o constantemente recome\u00e7ada de uma nova realidade que \u00e9 o pr\u00f3prio corpo da arte. Que a doen\u00e7a est\u00e1 noutro lado.\u00bb<br \/>\n<strong>M\u00e1rio Dion\u00edsio, \u00abO sonho e as m\u00e3os \u2013 II\u00bb, <em><a href=\"http:\/\/centromariodionisio.org\/edicoes.php\">Entre palavras e cores \u2013 alguns dispersos (1937-1990)<\/a><\/em><\/strong><\/p><\/blockquote>\n<p><span style=\"color: #800000;\"><strong>CICLO DE CINEMA \u00abPOL\u00cdTICA UMA VEZ POR SEMANA\u00bb<\/strong><\/span><br \/>\n<strong>Segunda-feira, 14 de Maio, 21h30<\/strong><\/p>\n<p>Agora que parece que temos pouco que ver com pol\u00edtica, embora ela nos determine a vida quotidianamente, apresentamos o ciclo de cinema<strong> \u00abPol\u00edtica uma vez por semana\u00bb<\/strong>. A pol\u00edtica n\u00e3o \u00e9 s\u00f3 a do poder, ou as vias mais ou menos legais para o alcan\u00e7ar, mas tamb\u00e9m levantamentos populares, lutas pequenas (ou grandes), revoltas e revolu\u00e7\u00f5es, de que a Hist\u00f3ria e as nossas vidas se fazem. \u00c9 imposs\u00edvel separar a Pol\u00edtica da Hist\u00f3ria. E a arte \u2013 o cinema inclu\u00eddo \u2013 tem pol\u00edtica dentro.<\/p>\n<p>Nesta sess\u00e3o deste ciclo, a prop\u00f3sito de Maio de 68 \u2013 e o que se passou a seguir -, projectamos<strong><em> LIP &#8211; Imagina\u00e7\u00e3o ao poder <\/em><\/strong>(2007, 118 min.)<strong><\/strong> <strong>Christian Rouaud<\/strong>, sobre as greves oper\u00e1rias na LIP. Quem apresenta \u00e9<strong> Jo\u00e3o Rodrigues<\/strong>.<\/p>\n<p style=\"text-align: center;\"><iframe loading=\"lazy\" width=\"420\" height=\"315\" src=\"http:\/\/www.youtube.com\/embed\/WKQQADRsqFk\" frameborder=\"0\" allowfullscreen><\/iframe><\/p>\n","protected":false},"excerpt":{"rendered":"<p>CICLO A PALETA E O MUNDO III Segunda-feira, 14 de Maio, 18h30 Na 3\u00aa parte do ciclo \u00abA Paleta e o Mundo\u00bb lemos obras que foram citadas em A Paleta e o Mundo de M\u00e1rio Dion\u00edsio, ou obras de autores seus contempor\u00e2neos. Nesta sess\u00e3o continua a leitura de \u00abDetermina\u00e7\u00e3o de (R)\u00bb, 2\u00ba cap\u00edtulo do livro [&hellip;]<\/p>\n","protected":false},"author":1,"featured_media":0,"comment_status":"open","ping_status":"closed","sticky":false,"template":"","format":"standard","meta":[],"categories":[11,12],"tags":[],"_links":{"self":[{"href":"http:\/\/noticias.centromariodionisio.org\/index.php?rest_route=\/wp\/v2\/posts\/3508"}],"collection":[{"href":"http:\/\/noticias.centromariodionisio.org\/index.php?rest_route=\/wp\/v2\/posts"}],"about":[{"href":"http:\/\/noticias.centromariodionisio.org\/index.php?rest_route=\/wp\/v2\/types\/post"}],"author":[{"embeddable":true,"href":"http:\/\/noticias.centromariodionisio.org\/index.php?rest_route=\/wp\/v2\/users\/1"}],"replies":[{"embeddable":true,"href":"http:\/\/noticias.centromariodionisio.org\/index.php?rest_route=%2Fwp%2Fv2%2Fcomments&post=3508"}],"version-history":[{"count":3,"href":"http:\/\/noticias.centromariodionisio.org\/index.php?rest_route=\/wp\/v2\/posts\/3508\/revisions"}],"predecessor-version":[{"id":3513,"href":"http:\/\/noticias.centromariodionisio.org\/index.php?rest_route=\/wp\/v2\/posts\/3508\/revisions\/3513"}],"wp:attachment":[{"href":"http:\/\/noticias.centromariodionisio.org\/index.php?rest_route=%2Fwp%2Fv2%2Fmedia&parent=3508"}],"wp:term":[{"taxonomy":"category","embeddable":true,"href":"http:\/\/noticias.centromariodionisio.org\/index.php?rest_route=%2Fwp%2Fv2%2Fcategories&post=3508"},{"taxonomy":"post_tag","embeddable":true,"href":"http:\/\/noticias.centromariodionisio.org\/index.php?rest_route=%2Fwp%2Fv2%2Ftags&post=3508"}],"curies":[{"name":"wp","href":"https:\/\/api.w.org\/{rel}","templated":true}]}}