{"id":320,"date":"2009-11-02T17:04:24","date_gmt":"2009-11-02T16:04:24","guid":{"rendered":"http:\/\/noticias.centromariodionisio.org\/?p=320"},"modified":"2009-11-03T15:50:04","modified_gmt":"2009-11-03T14:50:04","slug":"homenagem-a-joao-martins-pereira-13-de-novembro-as-21h30","status":"publish","type":"post","link":"http:\/\/noticias.centromariodionisio.org\/?p=320","title":{"rendered":"Homenagem a Jo\u00e3o Martins Pereira: 13 de Novembro \u00e0s 21h30"},"content":{"rendered":"<p style=\"MARGIN-BOTTOM: 0cm\">\u00a0<\/p>\n<p style=\"MARGIN-BOTTOM: 0cm\">\u00a0<img decoding=\"async\" loading=\"lazy\" class=\"alignleft size-medium wp-image-342\" title=\"Gazetta De Novembro\" src=\"http:\/\/noticias.centromariodionisio.org\/wp-content\/uploads\/Gazetta-De-Novembro1-212x300.jpg\" alt=\"Gazetta De Novembro\" width=\"212\" height=\"300\" srcset=\"http:\/\/noticias.centromariodionisio.org\/wp-content\/uploads\/Gazetta-De-Novembro1-212x300.jpg 212w, http:\/\/noticias.centromariodionisio.org\/wp-content\/uploads\/Gazetta-De-Novembro1-725x1024.jpg 725w, http:\/\/noticias.centromariodionisio.org\/wp-content\/uploads\/Gazetta-De-Novembro1.jpg 1645w\" sizes=\"(max-width: 212px) 100vw, 212px\" \/>\u00a0<\/p>\n<h1 style=\"text-align: left; margin-bottom: 0cm;\">\u00a0<\/h1>\n<h1 style=\"text-align: left; margin-bottom: 0cm;\">HOMENAGEM A JO\u00c3O MARTINS PEREIRA<\/h1>\n<p style=\"MARGIN-BOTTOM: 0cm\">\u00a0<\/p>\n<h2 style=\"MARGIN-BOTTOM: 0cm\">Amigos de Jo\u00e3o Martins Pereira juntam-se na Casa da Achada-Centro M\u00e1rio Dion\u00edsio, um ano depois da sua morte, na sexta-feira 13 de Novembro \u00e0s 21h30.<\/h2>\n<p>\u00a0<\/p>\n<p>Ver aqui <a href=\"http:\/\/noticias.centromariodionisio.org\/wp-content\/uploads\/JMP-biogr..doc\">biografia de Jo\u00e3o Martins Pereira<\/a>.<\/p>\n<p>\u00a0<\/p>\n<p>\u00a0<\/p>\n<p>\u00a0<\/p>\n<p>\u00a0<\/p>\n<p style=\"text-align: center;\"><a href=\"http:\/\/noticias.centromariodionisio.org\/wp-content\/uploads\/JMP-livros1.jpg\"><img decoding=\"async\" loading=\"lazy\" class=\"size-full wp-image-328  aligncenter\" title=\"JMP-livros\" src=\"http:\/\/noticias.centromariodionisio.org\/wp-content\/uploads\/JMP-livros1.jpg\" alt=\"JMP-livros\" width=\"317\" height=\"445\" \/><\/a><a href=\"http:\/\/noticias.centromariodionisio.org\/wp-content\/uploads\/JMP-biogr..doc\" target=\"_blank\"><\/a><\/p>\n","protected":false},"excerpt":{"rendered":"<p>\u00a0 \u00a0\u00a0 \u00a0 HOMENAGEM A JO\u00c3O MARTINS PEREIRA \u00a0 Amigos de Jo\u00e3o Martins Pereira juntam-se na Casa da Achada-Centro M\u00e1rio Dion\u00edsio, um ano depois da sua morte, na sexta-feira 13 de Novembro \u00e0s 21h30. \u00a0 Ver aqui biografia de Jo\u00e3o Martins Pereira. \u00a0 \u00a0 \u00a0 \u00a0<\/p>\n","protected":false},"author":1,"featured_media":0,"comment_status":"open","ping_status":"closed","sticky":false,"template":"","format":"standard","meta":[],"categories":[1],"tags":[],"_links":{"self":[{"href":"http:\/\/noticias.centromariodionisio.org\/index.php?rest_route=\/wp\/v2\/posts\/320"}],"collection":[{"href":"http:\/\/noticias.centromariodionisio.org\/index.php?rest_route=\/wp\/v2\/posts"}],"about":[{"href":"http:\/\/noticias.centromariodionisio.org\/index.php?rest_route=\/wp\/v2\/types\/post"}],"author":[{"embeddable":true,"href":"http:\/\/noticias.centromariodionisio.org\/index.php?rest_route=\/wp\/v2\/users\/1"}],"replies":[{"embeddable":true,"href":"http:\/\/noticias.centromariodionisio.org\/index.php?rest_route=%2Fwp%2Fv2%2Fcomments&post=320"}],"version-history":[{"count":18,"href":"http:\/\/noticias.centromariodionisio.org\/index.php?rest_route=\/wp\/v2\/posts\/320\/revisions"}],"predecessor-version":[{"id":344,"href":"http:\/\/noticias.centromariodionisio.org\/index.php?rest_route=\/wp\/v2\/posts\/320\/revisions\/344"}],"wp:attachment":[{"href":"http:\/\/noticias.centromariodionisio.org\/index.php?rest_route=%2Fwp%2Fv2%2Fmedia&parent=320"}],"wp:term":[{"taxonomy":"category","embeddable":true,"href":"http:\/\/noticias.centromariodionisio.org\/index.php?rest_route=%2Fwp%2Fv2%2Fcategories&post=320"},{"taxonomy":"post_tag","embeddable":true,"href":"http:\/\/noticias.centromariodionisio.org\/index.php?rest_route=%2Fwp%2Fv2%2Ftags&post=320"}],"curies":[{"name":"wp","href":"https:\/\/api.w.org\/{rel}","templated":true}]}}