{"id":3127,"date":"2011-12-05T22:12:13","date_gmt":"2011-12-05T22:12:13","guid":{"rendered":"http:\/\/noticias.centromariodionisio.org\/?p=3127"},"modified":"2011-12-09T16:54:56","modified_gmt":"2011-12-09T16:54:56","slug":"10-a-12-de-dezembro-manuel-da-fonseca-amigo-de-mario-dionisio-oficina-%c2%abprendas-sou-eu-que-as-faco%c2%bb-leitura-de-a-vida-das-formas-focillon-cinema-com-os-inadaptados","status":"publish","type":"post","link":"http:\/\/noticias.centromariodionisio.org\/?p=3127","title":{"rendered":"10 a 12 de Dezembro: Manuel da Fonseca, amigo de M\u00e1rio Dion\u00edsio; oficina \u00abPrendas sou eu que as fa\u00e7o\u00bb; leitura de &#8216;A vida das formas&#8217; de Focillon; cinema com &#8216;Os inadaptados&#8217;"},"content":{"rendered":"<p style=\"text-align: center;\"><img decoding=\"async\" loading=\"lazy\" class=\"aligncenter size-full wp-image-3129\" title=\"cartaz_amigos\" src=\"http:\/\/noticias.centromariodionisio.org\/wp-content\/uploads\/cartaz_amigos.jpg\" alt=\"\" width=\"300\" height=\"424\" srcset=\"http:\/\/noticias.centromariodionisio.org\/wp-content\/uploads\/cartaz_amigos.jpg 500w, http:\/\/noticias.centromariodionisio.org\/wp-content\/uploads\/cartaz_amigos-212x300.jpg 212w\" sizes=\"(max-width: 300px) 100vw, 300px\" \/><\/p>\n<p>No <strong>s\u00e1bado<\/strong>, <strong>10 de Dezembro<\/strong>, \u00e0s <strong>15h<\/strong>, acontece a 5\u00aa sess\u00e3o sobre <strong>amigos de M\u00e1rio Dion\u00edso<\/strong>, desta vez sobre <strong>Manuel da Fonseca<\/strong> (cujo centen\u00e1rio de comemora este ano). A sess\u00e3o,\u00a0realizada com\u00a0a colabora\u00e7\u00e3o da Casa do Alentejo,\u00a0conta com a participa\u00e7\u00e3o do irm\u00e3o, <strong>Artur da Fonseca<\/strong>, e do amigo, <strong>V\u00edtor Silva Tavares<\/strong>.<\/p>\n<p>Ser\u00e3o lidos contos e poemas de Manuel da Fonseca por <strong>Antonino Solmer<\/strong>, <strong>Diogo D\u00f3ria<\/strong>, <strong>Fernanda Neves<\/strong>, <strong>In\u00eas Nogueira<\/strong>, <strong>F. Pedro Oliveira<\/strong> e pelos <strong>alunos da Escola N\u00ba 10 do Castelo<\/strong>. A abrir e a fechar canta o <strong>Grupo Coral da Liga dos Amigos das Minas de S. Domingos<\/strong>. V\u00e3o ser projectados <strong>imagens e sons<\/strong> de Manuel da Fonseca e\u00a0<strong>can\u00e7\u00f5es<\/strong> com letras suas, haver\u00e1 <strong>p\u00e3o, azeitonas e vinho do Alentejo<\/strong> e\u00a0mostraremos uma <strong>pequena exposi\u00e7\u00e3o de livros e documentos<\/strong>.<\/p>\n<p style=\"text-align: center;\"><img decoding=\"async\" loading=\"lazy\" class=\"aligncenter size-large wp-image-3116\" title=\"Oficinas DEZ 11\" src=\"http:\/\/noticias.centromariodionisio.org\/wp-content\/uploads\/Oficinas-DEZ-11-723x1024.jpg\" alt=\"\" width=\"300\" height=\"424\" srcset=\"http:\/\/noticias.centromariodionisio.org\/wp-content\/uploads\/Oficinas-DEZ-11-723x1024.jpg 723w, http:\/\/noticias.centromariodionisio.org\/wp-content\/uploads\/Oficinas-DEZ-11-212x300.jpg 212w, http:\/\/noticias.centromariodionisio.org\/wp-content\/uploads\/Oficinas-DEZ-11.jpg 1654w\" sizes=\"(max-width: 300px) 100vw, 300px\" \/><\/p>\n<p>No dia seguinte, <strong>domingo<\/strong>, <strong>11 de Dezembro<\/strong>, <strong>das 15h30 \u00e0s 17h30<\/strong>, continua a <strong>oficina \u00abPrendas sou eu que as fa\u00e7o\u00bb<\/strong>. Depois de termos pintado azulejos na passada sess\u00e3o, nesta vamos <strong>pintar e colar em sacos e cartuchos<\/strong>.<\/p>\n<p style=\"text-align: center;\"><img decoding=\"async\" loading=\"lazy\" class=\"aligncenter size-large wp-image-3135\" title=\"Cartaz segunda 12 DEZ 11\" src=\"http:\/\/noticias.centromariodionisio.org\/wp-content\/uploads\/Cartaz-segunda-12-DEZ-11-695x1024.jpg\" alt=\"\" width=\"300\" height=\"424\" \/><\/p>\n<p>Na <strong>segunda-feira<\/strong>,\u00a0<strong>12 de Dezembro<\/strong>, \u00e0s <strong>18h30<\/strong>, continua o ciclo <strong>\u00abA Paleta e o Mundo III\u00bb<\/strong>, que consiste na leitura e an\u00e1lise de textos e obras que foram citados por M\u00e1rio Dion\u00edsio em <a href=\"http:\/\/www.centromariodionisio.org\/paleta_mundo_1_edicao.php\" rel=\"nofollow\" target=\"_blank\"><em>A Paleta e o Mundo<\/em><\/a>. Nesta sess\u00e3o \u00e9 <strong>Miguel Castro Caldas<\/strong> que continua a leitura comentada, com projec\u00e7\u00e3o das imagens citadas, do 4\u00ba cap\u00edtulo de <strong><em>A vida das formas<\/em><\/strong> de <strong>Henri Focillon<\/strong>: <strong>\u00abAs formas no esp\u00edrito\u00bb<\/strong>.<\/p>\n<p>Nessa noite, pelas <strong>21h30<\/strong>, projectamos mais um filme inserido no <strong>ciclo \u00abEstrelas de Hollywood\u00bb<\/strong>: <strong><em>Os inadaptados<\/em><\/strong>\u00a0(1961, 124 min.) de <strong>John Huston<\/strong>, com <strong>Clark Gable<\/strong> e <strong>Marilyn Monroe<\/strong>. Quem apresenta o filme \u00e9 <strong>Miguel Castro Caldas<\/strong>.<\/p>\n<p style=\"text-align: center;\"><object width=\"420\" height=\"315\" classid=\"clsid:d27cdb6e-ae6d-11cf-96b8-444553540000\" codebase=\"http:\/\/download.macromedia.com\/pub\/shockwave\/cabs\/flash\/swflash.cab#version=6,0,40,0\"><param name=\"allowFullScreen\" value=\"true\" \/><param name=\"allowscriptaccess\" value=\"always\" \/><param name=\"src\" value=\"http:\/\/www.youtube.com\/v\/EckvMsLsfBM?version=3&amp;hl=pt_PT\" \/><param name=\"allowfullscreen\" value=\"true\" \/><embed width=\"420\" height=\"315\" type=\"application\/x-shockwave-flash\" src=\"http:\/\/www.youtube.com\/v\/EckvMsLsfBM?version=3&amp;hl=pt_PT\" allowFullScreen=\"true\" allowscriptaccess=\"always\" allowfullscreen=\"true\" \/><\/object><\/p>\n<p><a href=\"http:\/\/www.centromariodionisio.org\/programacao.php\">Aqui pode consultar a restante programa\u00e7\u00e3o de Dezembro<\/a>.<\/p>\n","protected":false},"excerpt":{"rendered":"<p>No s\u00e1bado, 10 de Dezembro, \u00e0s 15h, acontece a 5\u00aa sess\u00e3o sobre amigos de M\u00e1rio Dion\u00edso, desta vez sobre Manuel da Fonseca (cujo centen\u00e1rio de comemora este ano). A sess\u00e3o,\u00a0realizada com\u00a0a colabora\u00e7\u00e3o da Casa do Alentejo,\u00a0conta com a participa\u00e7\u00e3o do irm\u00e3o, Artur da Fonseca, e do amigo, V\u00edtor Silva Tavares. Ser\u00e3o lidos contos e poemas [&hellip;]<\/p>\n","protected":false},"author":1,"featured_media":0,"comment_status":"open","ping_status":"closed","sticky":false,"template":"","format":"standard","meta":[],"categories":[23,11,12,1],"tags":[],"_links":{"self":[{"href":"http:\/\/noticias.centromariodionisio.org\/index.php?rest_route=\/wp\/v2\/posts\/3127"}],"collection":[{"href":"http:\/\/noticias.centromariodionisio.org\/index.php?rest_route=\/wp\/v2\/posts"}],"about":[{"href":"http:\/\/noticias.centromariodionisio.org\/index.php?rest_route=\/wp\/v2\/types\/post"}],"author":[{"embeddable":true,"href":"http:\/\/noticias.centromariodionisio.org\/index.php?rest_route=\/wp\/v2\/users\/1"}],"replies":[{"embeddable":true,"href":"http:\/\/noticias.centromariodionisio.org\/index.php?rest_route=%2Fwp%2Fv2%2Fcomments&post=3127"}],"version-history":[{"count":10,"href":"http:\/\/noticias.centromariodionisio.org\/index.php?rest_route=\/wp\/v2\/posts\/3127\/revisions"}],"predecessor-version":[{"id":3137,"href":"http:\/\/noticias.centromariodionisio.org\/index.php?rest_route=\/wp\/v2\/posts\/3127\/revisions\/3137"}],"wp:attachment":[{"href":"http:\/\/noticias.centromariodionisio.org\/index.php?rest_route=%2Fwp%2Fv2%2Fmedia&parent=3127"}],"wp:term":[{"taxonomy":"category","embeddable":true,"href":"http:\/\/noticias.centromariodionisio.org\/index.php?rest_route=%2Fwp%2Fv2%2Fcategories&post=3127"},{"taxonomy":"post_tag","embeddable":true,"href":"http:\/\/noticias.centromariodionisio.org\/index.php?rest_route=%2Fwp%2Fv2%2Ftags&post=3127"}],"curies":[{"name":"wp","href":"https:\/\/api.w.org\/{rel}","templated":true}]}}