{"id":3113,"date":"2011-11-30T18:24:56","date_gmt":"2011-11-30T18:24:56","guid":{"rendered":"http:\/\/noticias.centromariodionisio.org\/?p=3113"},"modified":"2011-12-01T19:21:26","modified_gmt":"2011-12-01T19:21:26","slug":"2-a-5-de-dezembro-memoria-dum-pintor-desconhecido-com-morgane-masterman-casa-da-achada-em-alhos-vedros-oficina-%e2%80%b9%e2%80%b9prendas-sou-eu-que-as-faco%e2%80%ba%e2%80%ba-leitura-de-focillo","status":"publish","type":"post","link":"http:\/\/noticias.centromariodionisio.org\/?p=3113","title":{"rendered":"2 a 5 de Dezembro: &#8216;Mem\u00f3ria dum pintor desconhecido&#8217; com Morgane Masterman; Casa da Achada em Alhos Vedros; oficina \u2039\u2039Prendas sou eu que as fa\u00e7o\u203a\u203a; leitura de Focillon; cinema com &#8216;O homem do bra\u00e7o de ferro&#8217;"},"content":{"rendered":"<p style=\"text-align: center;\"><img decoding=\"async\" loading=\"lazy\" class=\"size-large wp-image-3114 aligncenter\" title=\"MD escritor DEZ 11\" src=\"http:\/\/noticias.centromariodionisio.org\/wp-content\/uploads\/MD-escritor-DEZ-11-723x1024.jpg\" alt=\"\" width=\"300\" height=\"424\" srcset=\"http:\/\/noticias.centromariodionisio.org\/wp-content\/uploads\/MD-escritor-DEZ-11-723x1024.jpg 723w, http:\/\/noticias.centromariodionisio.org\/wp-content\/uploads\/MD-escritor-DEZ-11-212x300.jpg 212w, http:\/\/noticias.centromariodionisio.org\/wp-content\/uploads\/MD-escritor-DEZ-11.jpg 1654w\" sizes=\"(max-width: 300px) 100vw, 300px\" \/><\/p>\n<p>Na <strong>sexta-feira<\/strong>, <strong>2 de Dezembro<\/strong>, pelas <strong>18h<\/strong>, acontece a 18\u00aa e \u00faltima sess\u00e3o de <strong>\u2039\u2039M\u00e1rio Dion\u00edsio, um escritor\u203a\u203a<\/strong>. Em Janeiro come\u00e7a uma rubrica nova: \u2039\u2039M\u00e1rio Dion\u00edsio, escritor e outras coisas mais\u203a\u203a. <strong>Nesta sess\u00e3o Morgane Masterman<\/strong><strong> fala sobre <a href=\"http:\/\/centromariodionisio.org\/memoria_pintor_desconhecido.php\"><em>Mem\u00f3ria dum pintor desconhecido<\/em><\/a><\/strong> (1965), o 4\u00ba livro de poesia de M\u00e1rio Dion\u00edsio. A escolha dos poemas lidos tamb\u00e9m \u00e9 de Morgane Masterman, que escreveu recentemente a sua tese de mestrado sobre <a href=\"http:\/\/centromariodionisio.org\/lfqd.php\"><em>Le feu qui dort<\/em><\/a>. Quem l\u00ea \u00e9 <strong>Rafael Martins<\/strong>.<\/p>\n<blockquote><p>Num pingo de verniz<br \/>\no mundo inteiro cabe<\/p>\n<p>O que se sabe e n\u00e3o sabe<br \/>\no que se diz e n\u00e3o diz<br \/>\nluz um momento s\u00f3<\/p>\n<p>que enquanto o brilho escorre<br \/>\ne se cobre de p\u00f3<br \/>\no encanto desfaz-se<br \/>\ndir-se-ia que morre<\/p>\n<p>Mas o que ali floresce<br \/>\nn\u00e3o mais se apaga ou esquece<\/p>\n<p>E o que se diz e n\u00e3o diz<br \/>\no que se sabe e n\u00e3o sabe<br \/>\nna ba\u00e7a luz do verniz<br \/>\nenquanto morre renasce<\/p>\n<p><strong>M\u00e1rio Dion\u00edsio<\/strong><\/p><\/blockquote>\n<p style=\"text-align: center;\"><a href=\"http:\/\/noticias.centromariodionisio.org\/wp-content\/uploads\/M%C3%A1rio-Dion%C3%ADsio-cartazB.jpg\"><img decoding=\"async\" loading=\"lazy\" class=\"aligncenter size-large wp-image-3123\" title=\"M\u00e1rio Dion\u00edsio (cartazB)\" src=\"http:\/\/noticias.centromariodionisio.org\/wp-content\/uploads\/M%C3%A1rio-Dion%C3%ADsio-cartazB-725x1024.jpg\" alt=\"\" width=\"300\" height=\"424\" \/><\/a><\/p>\n<p><strong>No s\u00e1bado a Casa da Achada sai do bairro de S\u00e3o Crist\u00f3v\u00e3o para visitar Alhos Vedros<\/strong>, a convite da <a href=\"http:\/\/www.cacav.org\/\"><strong>CACAV &#8211; C\u00edrculo de Anima\u00e7\u00e3o Cultural de Alhos Vedros<\/strong><\/a>. \u00c0s <strong>21h30<\/strong>, no <strong>Moinho da Mar\u00e9<\/strong>, no Cais do Descarregador, em Alhos Vedros, <a href=\"http:\/\/cacav-esteiro-cacav.blogspot.com\/2011\/11\/dedicatoria-mario-dionisio-actuacao-do.html\">acontece uma sess\u00e3o em duas partes<\/a>: a primeira parte, <strong>\u2039\u2039M\u00e1rio Dion\u00edsio sobre M\u00e1rio Dion\u00edsio\u203a\u203a<\/strong>, consiste na leitura de textos autobiogr\u00e1ficos com projec\u00e7\u00e3o de imagens; seguindo-se a actua\u00e7\u00e3o do <a href=\"http:\/\/www.centromariodionisio.org\/casadaachada_coro.php\"><strong>Coro da Achada<\/strong><\/a>.<\/p>\n<p style=\"text-align: center;\"><img decoding=\"async\" loading=\"lazy\" class=\"aligncenter size-large wp-image-3116\" title=\"Oficinas DEZ 11\" src=\"http:\/\/noticias.centromariodionisio.org\/wp-content\/uploads\/Oficinas-DEZ-11-723x1024.jpg\" alt=\"\" width=\"300\" height=\"424\" srcset=\"http:\/\/noticias.centromariodionisio.org\/wp-content\/uploads\/Oficinas-DEZ-11-723x1024.jpg 723w, http:\/\/noticias.centromariodionisio.org\/wp-content\/uploads\/Oficinas-DEZ-11-212x300.jpg 212w, http:\/\/noticias.centromariodionisio.org\/wp-content\/uploads\/Oficinas-DEZ-11.jpg 1654w\" sizes=\"(max-width: 300px) 100vw, 300px\" \/><\/p>\n<p>No <strong>domingo<\/strong>, <strong>4 de Dezembro<\/strong>, <strong>das 15h30 \u00e0s 17h30<\/strong>, come\u00e7a uma nova <strong>oficina<\/strong>: <strong>\u2039\u2039Prendas sou eu que as fa\u00e7o\u203a\u203a<\/strong>. <strong>A partir do que n\u00e3o presta vamos fazer o que presta<\/strong>, e nesta sess\u00e3o, com <strong>Eduarda Dion\u00edsio<\/strong>, vamos <strong>pintar azulejos<\/strong>.<\/p>\n<p style=\"text-align: center;\"><img decoding=\"async\" loading=\"lazy\" class=\"aligncenter size-large wp-image-3120\" title=\"cartaz segunda 5 DEZ 11\" src=\"http:\/\/noticias.centromariodionisio.org\/wp-content\/uploads\/cartaz-segunda-5-DEZ-11-655x1024.jpg\" alt=\"\" width=\"300\" height=\"424\" \/><\/p>\n<p>Na <strong>segunda-feira<\/strong>, \u00e0s <strong>18h30<\/strong>, continua o ciclo <strong>\u2039\u2039A Paleta e o Mundo III\u203a\u203a<\/strong>, a partir de textos e referidos em <em><a href=\"http:\/\/centromariodionisio.org\/newsletter\/27_Dez11\/centromariodionisio.org\/paleta_mundo_1_edicao.php\">A Paleta e o Mundo<\/a>\u00a0 <\/em>de M\u00e1rio Dion\u00edsio. <strong>Miguel Castro Caldas l\u00ea e comenta<\/strong>, com projec\u00e7\u00e3o de imagens das obras citadas, <strong>o cap\u00edtulo \u2039\u2039As formas no esp\u00edrito\u203a\u203a<\/strong>, <strong>de <em>A vida das formas<\/em> de Henri Focillon<\/strong>.<\/p>\n<p>\u00c0 noite, pelas <strong>21h30,<\/strong> continua o <strong>ciclo de cinema \u2039\u2039Estrelas de Hollywood\u203a\u203a<\/strong>. Desta vez projectamos <strong><em>O homem do bra\u00e7o de ouro<\/em><\/strong> (1955, 119 min.) de <strong>Otto Preminger<\/strong>, com <strong>Frank Sinatra<\/strong> e <strong>Kim Novak<\/strong>. Quem apresenta \u00e9 <strong>Jo\u00e3o Paulo Bol\u00e9o<\/strong>.<\/p>\n<p style=\"text-align: center;\"><object width=\"420\" height=\"315\" classid=\"clsid:d27cdb6e-ae6d-11cf-96b8-444553540000\" codebase=\"http:\/\/download.macromedia.com\/pub\/shockwave\/cabs\/flash\/swflash.cab#version=6,0,40,0\"><param name=\"allowFullScreen\" value=\"true\" \/><param name=\"allowscriptaccess\" value=\"always\" \/><param name=\"src\" value=\"http:\/\/www.youtube.com\/v\/0JNPS-Tyzko?version=3&amp;hl=pt_PT&amp;rel=0\" \/><param name=\"allowfullscreen\" value=\"true\" \/><embed width=\"420\" height=\"315\" type=\"application\/x-shockwave-flash\" src=\"http:\/\/www.youtube.com\/v\/0JNPS-Tyzko?version=3&amp;hl=pt_PT&amp;rel=0\" allowFullScreen=\"true\" allowscriptaccess=\"always\" allowfullscreen=\"true\" \/><\/object><\/p>\n","protected":false},"excerpt":{"rendered":"<p>Na sexta-feira, 2 de Dezembro, pelas 18h, acontece a 18\u00aa e \u00faltima sess\u00e3o de \u2039\u2039M\u00e1rio Dion\u00edsio, um escritor\u203a\u203a. Em Janeiro come\u00e7a uma rubrica nova: \u2039\u2039M\u00e1rio Dion\u00edsio, escritor e outras coisas mais\u203a\u203a. Nesta sess\u00e3o Morgane Masterman fala sobre Mem\u00f3ria dum pintor desconhecido (1965), o 4\u00ba livro de poesia de M\u00e1rio Dion\u00edsio. A escolha dos poemas lidos [&hellip;]<\/p>\n","protected":false},"author":1,"featured_media":0,"comment_status":"open","ping_status":"closed","sticky":false,"template":"","format":"standard","meta":[],"categories":[11,12,14,20,15],"tags":[],"_links":{"self":[{"href":"http:\/\/noticias.centromariodionisio.org\/index.php?rest_route=\/wp\/v2\/posts\/3113"}],"collection":[{"href":"http:\/\/noticias.centromariodionisio.org\/index.php?rest_route=\/wp\/v2\/posts"}],"about":[{"href":"http:\/\/noticias.centromariodionisio.org\/index.php?rest_route=\/wp\/v2\/types\/post"}],"author":[{"embeddable":true,"href":"http:\/\/noticias.centromariodionisio.org\/index.php?rest_route=\/wp\/v2\/users\/1"}],"replies":[{"embeddable":true,"href":"http:\/\/noticias.centromariodionisio.org\/index.php?rest_route=%2Fwp%2Fv2%2Fcomments&post=3113"}],"version-history":[{"count":8,"href":"http:\/\/noticias.centromariodionisio.org\/index.php?rest_route=\/wp\/v2\/posts\/3113\/revisions"}],"predecessor-version":[{"id":3119,"href":"http:\/\/noticias.centromariodionisio.org\/index.php?rest_route=\/wp\/v2\/posts\/3113\/revisions\/3119"}],"wp:attachment":[{"href":"http:\/\/noticias.centromariodionisio.org\/index.php?rest_route=%2Fwp%2Fv2%2Fmedia&parent=3113"}],"wp:term":[{"taxonomy":"category","embeddable":true,"href":"http:\/\/noticias.centromariodionisio.org\/index.php?rest_route=%2Fwp%2Fv2%2Fcategories&post=3113"},{"taxonomy":"post_tag","embeddable":true,"href":"http:\/\/noticias.centromariodionisio.org\/index.php?rest_route=%2Fwp%2Fv2%2Ftags&post=3113"}],"curies":[{"name":"wp","href":"https:\/\/api.w.org\/{rel}","templated":true}]}}