{"id":3102,"date":"2011-11-28T23:26:49","date_gmt":"2011-11-28T23:26:49","guid":{"rendered":"http:\/\/noticias.centromariodionisio.org\/?p=3102"},"modified":"2011-11-28T23:41:52","modified_gmt":"2011-11-28T23:41:52","slug":"o-coro-da-achada-na-greve-geral","status":"publish","type":"post","link":"http:\/\/noticias.centromariodionisio.org\/?p=3102","title":{"rendered":"O Coro da Achada na Greve Geral"},"content":{"rendered":"<p><strong>O <a href=\"http:\/\/www.centromariodionisio.org\/casadaachada_coro.php\">Coro da Achada<\/a> cantou pelas ruas de Lisboa no dia da greve geral, a 24 de Outubro<\/strong>. Come\u00e7ou \u00e0s 11h nas Amoreiras, passando pelo Rato, at\u00e9 ao Chiado. No in\u00edcio da tarde cantou pelas ruas da Baixa, juntando-se \u00e0s manifesta\u00e7\u00f5es no Rossio at\u00e9 S\u00e3o Bento. Aqui ficam algumas fotografias.<\/p>\n<p><a href=\"http:\/\/noticias.centromariodionisio.org\/wp-content\/uploads\/Coro_Greve01.jpg\"><img decoding=\"async\" loading=\"lazy\" class=\"size-medium wp-image-3103 alignnone\" title=\"Coro_Greve01\" src=\"http:\/\/noticias.centromariodionisio.org\/wp-content\/uploads\/Coro_Greve01-300x225.jpg\" alt=\"\" width=\"300\" height=\"225\" srcset=\"http:\/\/noticias.centromariodionisio.org\/wp-content\/uploads\/Coro_Greve01-300x225.jpg 300w, http:\/\/noticias.centromariodionisio.org\/wp-content\/uploads\/Coro_Greve01.jpg 960w\" sizes=\"(max-width: 300px) 100vw, 300px\" \/><\/a> <a href=\"http:\/\/noticias.centromariodionisio.org\/wp-content\/uploads\/Coro_greve02.jpg\"><img decoding=\"async\" loading=\"lazy\" class=\"size-medium wp-image-3104 alignnone\" title=\"Coro_greve02\" src=\"http:\/\/noticias.centromariodionisio.org\/wp-content\/uploads\/Coro_greve02-300x225.jpg\" alt=\"\" width=\"300\" height=\"225\" srcset=\"http:\/\/noticias.centromariodionisio.org\/wp-content\/uploads\/Coro_greve02-300x225.jpg 300w, http:\/\/noticias.centromariodionisio.org\/wp-content\/uploads\/Coro_greve02.jpg 960w\" sizes=\"(max-width: 300px) 100vw, 300px\" \/><\/a><\/p>\n<p><a href=\"http:\/\/noticias.centromariodionisio.org\/wp-content\/uploads\/Coro_Greve031.jpg\"><img decoding=\"async\" loading=\"lazy\" class=\"size-medium wp-image-3107 alignnone\" title=\"Coro_Greve03\" src=\"http:\/\/noticias.centromariodionisio.org\/wp-content\/uploads\/Coro_Greve031-300x225.jpg\" alt=\"\" width=\"300\" height=\"225\" srcset=\"http:\/\/noticias.centromariodionisio.org\/wp-content\/uploads\/Coro_Greve031-300x225.jpg 300w, http:\/\/noticias.centromariodionisio.org\/wp-content\/uploads\/Coro_Greve031.jpg 960w\" sizes=\"(max-width: 300px) 100vw, 300px\" \/><\/a> <a href=\"http:\/\/noticias.centromariodionisio.org\/wp-content\/uploads\/Coro_Greve041.jpg\"><img decoding=\"async\" loading=\"lazy\" class=\"alignnone size-medium wp-image-3108\" title=\"Coro_Greve04\" src=\"http:\/\/noticias.centromariodionisio.org\/wp-content\/uploads\/Coro_Greve041-300x225.jpg\" alt=\"\" width=\"300\" height=\"225\" srcset=\"http:\/\/noticias.centromariodionisio.org\/wp-content\/uploads\/Coro_Greve041-300x225.jpg 300w, http:\/\/noticias.centromariodionisio.org\/wp-content\/uploads\/Coro_Greve041.jpg 960w\" sizes=\"(max-width: 300px) 100vw, 300px\" \/><\/a><\/p>\n","protected":false},"excerpt":{"rendered":"<p>O Coro da Achada cantou pelas ruas de Lisboa no dia da greve geral, a 24 de Outubro. Come\u00e7ou \u00e0s 11h nas Amoreiras, passando pelo Rato, at\u00e9 ao Chiado. No in\u00edcio da tarde cantou pelas ruas da Baixa, juntando-se \u00e0s manifesta\u00e7\u00f5es no Rossio at\u00e9 S\u00e3o Bento. Aqui ficam algumas fotografias.<\/p>\n","protected":false},"author":1,"featured_media":0,"comment_status":"open","ping_status":"closed","sticky":false,"template":"","format":"standard","meta":[],"categories":[14],"tags":[],"_links":{"self":[{"href":"http:\/\/noticias.centromariodionisio.org\/index.php?rest_route=\/wp\/v2\/posts\/3102"}],"collection":[{"href":"http:\/\/noticias.centromariodionisio.org\/index.php?rest_route=\/wp\/v2\/posts"}],"about":[{"href":"http:\/\/noticias.centromariodionisio.org\/index.php?rest_route=\/wp\/v2\/types\/post"}],"author":[{"embeddable":true,"href":"http:\/\/noticias.centromariodionisio.org\/index.php?rest_route=\/wp\/v2\/users\/1"}],"replies":[{"embeddable":true,"href":"http:\/\/noticias.centromariodionisio.org\/index.php?rest_route=%2Fwp%2Fv2%2Fcomments&post=3102"}],"version-history":[{"count":3,"href":"http:\/\/noticias.centromariodionisio.org\/index.php?rest_route=\/wp\/v2\/posts\/3102\/revisions"}],"predecessor-version":[{"id":3111,"href":"http:\/\/noticias.centromariodionisio.org\/index.php?rest_route=\/wp\/v2\/posts\/3102\/revisions\/3111"}],"wp:attachment":[{"href":"http:\/\/noticias.centromariodionisio.org\/index.php?rest_route=%2Fwp%2Fv2%2Fmedia&parent=3102"}],"wp:term":[{"taxonomy":"category","embeddable":true,"href":"http:\/\/noticias.centromariodionisio.org\/index.php?rest_route=%2Fwp%2Fv2%2Fcategories&post=3102"},{"taxonomy":"post_tag","embeddable":true,"href":"http:\/\/noticias.centromariodionisio.org\/index.php?rest_route=%2Fwp%2Fv2%2Ftags&post=3102"}],"curies":[{"name":"wp","href":"https:\/\/api.w.org\/{rel}","templated":true}]}}