{"id":303,"date":"2009-10-20T13:17:43","date_gmt":"2009-10-20T12:17:43","guid":{"rendered":"http:\/\/noticias.centromariodionisio.org\/?p=303"},"modified":"2009-11-25T18:43:51","modified_gmt":"2009-11-25T17:43:51","slug":"vao-comecar-as-leituras-colectivas-da-paleta-e-o-mundo","status":"publish","type":"post","link":"http:\/\/noticias.centromariodionisio.org\/?p=303","title":{"rendered":"V\u00e3o come\u00e7ar as leituras colectivas da Paleta e o Mundo"},"content":{"rendered":"<p style=\"text-align: justify;\">Tem in\u00edcio no s\u00e1bado 24 de Outubro \u00e0s 16h, na Casa da Achada &#8211; Centro M\u00e1rio Dion\u00edsio, o <a href=\"http:\/\/noticias.centromariodionisio.org\/?p=162\" target=\"_blank\">Ciclo A Paleta e o Mundo<\/a> que se prolongar\u00e1 por v\u00e1rios meses.<\/p>\n<p style=\"text-align: justify;\">O <strong>CICLO A PALETA E O MUNDO<\/strong> \u00e9 constitu\u00eddo por duas partes distintas:<\/p>\n<p>&#8211; sess\u00f5es mensais aos s\u00e1bados \u00e0 tarde, sobre os v\u00e1rios temas que a introdu\u00e7\u00e3o da obra levanta e de que se encarregar\u00e3o 11 fundadores da Casa da Achada &#8211; Centro M\u00e1rio Dion\u00edsio: Lu\u00eds Miguel Cintra, Rui M\u00e1rio Gon\u00e7alves, Margarida Acciaiuoli, Manuel Gusm\u00e3o, Regina Guimar\u00e3es, Rui Can\u00e1rio, Jorge Silva Melo, V\u00edtor Silva Tavares, Pedro Rodrigues, Manuel Augusto Ara\u00fajo, Ant\u00f3nio Pedro Pita;<\/p>\n<p>&#8211; sess\u00f5es semanais de uma hora, \u00e0s segundas-feiras pelas 18h30, a partir de 26 de Outubro, onde ser\u00e1 feita a leitura colectiva e integral da obra, a partir do 1\u00ba cap\u00edtulo, com projec\u00e7\u00f5es, e onde participar\u00e3o, entre outros: Jo\u00e3o Rodrigues, Eduarda Dion\u00edsio, Eug\u00e9nio Castro Caldas, Pedro Rodrigues, Jos\u00e9 Manuel Mendes, Diana Dion\u00edsio, Manuela Torres, Antonino Solmer, Margarida L\u00e9lis, Isabel da N\u00f3brega, Filomena Marona Beja, Manuel Videira, Joaquim Beja, Paulo Barreto, Carla Mota.<\/p>\n<p style=\"text-align: justify;\">\n<p style=\"text-align: justify;\">Assim, logo ap\u00f3s a <a href=\"http:\/\/noticias.centromariodionisio.org\/?p=283\" target=\"_blank\">primeira sess\u00e3o que se realizar\u00e1 no dia 24 com Lu\u00eds Miguel Cintra e os seus convidados<\/a>, haver\u00e1 na segunda-feira, dia <strong>26 de Outubro<\/strong>, \u00e0s 18h30, a primeira <strong>leitura colectiva<\/strong>.<\/p>\n<p style=\"text-align: justify;\"><strong>Jo\u00e3o Rodrigues<\/strong> ler\u00e1 em voz alta o cap\u00edtulo <strong>\u00abA pr\u00f3pria subst\u00e2ncia dos objectos\u00bb <\/strong>(sobre a pintura do s\u00e9culo XVIII),\u00a0pertencente \u00e0 segunda parte da obra &#8211; \u00abPrest\u00edgio e fim de uma ilus\u00e3o\u00bb &#8211; que se segue \u00e0 Introdu\u00e7\u00e3o (2\u00ba volume da edi\u00e7\u00e3o da Europa-Am\u00e9rica).\u00a0Ser\u00e3o projectadas reprodu\u00e7\u00f5es dos quadros referidos na obra e a leitura ser\u00e1 interrompida para coment\u00e1rios, explica\u00e7\u00f5es, notas,\u00a0opini\u00f5es.<\/p>\n<p style=\"text-align: justify;\"><strong>Pede-se a quem tiver em casa\u00a0<em>A Paleta e o Mundo<\/em> que traga o livro para as sess\u00f5es para\u00a0poder acompanhar a leitura.<\/strong><\/p>\n","protected":false},"excerpt":{"rendered":"<p>Tem in\u00edcio no s\u00e1bado 24 de Outubro \u00e0s 16h, na Casa da Achada &#8211; Centro M\u00e1rio Dion\u00edsio, o Ciclo A Paleta e o Mundo que se prolongar\u00e1 por v\u00e1rios meses. O CICLO A PALETA E O MUNDO \u00e9 constitu\u00eddo por duas partes distintas: &#8211; sess\u00f5es mensais aos s\u00e1bados \u00e0 tarde, sobre os v\u00e1rios temas que [&hellip;]<\/p>\n","protected":false},"author":1,"featured_media":0,"comment_status":"open","ping_status":"closed","sticky":false,"template":"","format":"standard","meta":[],"categories":[11],"tags":[],"_links":{"self":[{"href":"http:\/\/noticias.centromariodionisio.org\/index.php?rest_route=\/wp\/v2\/posts\/303"}],"collection":[{"href":"http:\/\/noticias.centromariodionisio.org\/index.php?rest_route=\/wp\/v2\/posts"}],"about":[{"href":"http:\/\/noticias.centromariodionisio.org\/index.php?rest_route=\/wp\/v2\/types\/post"}],"author":[{"embeddable":true,"href":"http:\/\/noticias.centromariodionisio.org\/index.php?rest_route=\/wp\/v2\/users\/1"}],"replies":[{"embeddable":true,"href":"http:\/\/noticias.centromariodionisio.org\/index.php?rest_route=%2Fwp%2Fv2%2Fcomments&post=303"}],"version-history":[{"count":7,"href":"http:\/\/noticias.centromariodionisio.org\/index.php?rest_route=\/wp\/v2\/posts\/303\/revisions"}],"predecessor-version":[{"id":308,"href":"http:\/\/noticias.centromariodionisio.org\/index.php?rest_route=\/wp\/v2\/posts\/303\/revisions\/308"}],"wp:attachment":[{"href":"http:\/\/noticias.centromariodionisio.org\/index.php?rest_route=%2Fwp%2Fv2%2Fmedia&parent=303"}],"wp:term":[{"taxonomy":"category","embeddable":true,"href":"http:\/\/noticias.centromariodionisio.org\/index.php?rest_route=%2Fwp%2Fv2%2Fcategories&post=303"},{"taxonomy":"post_tag","embeddable":true,"href":"http:\/\/noticias.centromariodionisio.org\/index.php?rest_route=%2Fwp%2Fv2%2Ftags&post=303"}],"curies":[{"name":"wp","href":"https:\/\/api.w.org\/{rel}","templated":true}]}}