{"id":2934,"date":"2011-10-07T15:31:56","date_gmt":"2011-10-07T14:31:56","guid":{"rendered":"http:\/\/noticias.centromariodionisio.org\/?p=2934"},"modified":"2011-10-07T16:10:22","modified_gmt":"2011-10-07T15:10:22","slug":"9-e-10-de-outubro-oficina-de-fazer-um-livro-ciclo-%e2%80%b9%e2%80%b9a-paleta-e-o-mundo-iii%e2%80%ba%e2%80%ba-e-cinema-com-a-imperatriz-vermelha","status":"publish","type":"post","link":"http:\/\/noticias.centromariodionisio.org\/?p=2934","title":{"rendered":"9 e 10 de Outubro: Oficina de fazer um livro; ciclo \u2039\u2039A Paleta e o Mundo III\u203a\u203a; e cinema com &#8216;A imperatriz vermelha&#8217;"},"content":{"rendered":"<p style=\"text-align: center;\"><img decoding=\"async\" loading=\"lazy\" class=\"size-full wp-image-2935 aligncenter\" title=\"2011-10 Fazer um livro\" src=\"http:\/\/noticias.centromariodionisio.org\/wp-content\/uploads\/2011-10-Fazer-um-livro.jpg\" alt=\"2011-10 Fazer um livro\" width=\"300\" height=\"424\" srcset=\"http:\/\/noticias.centromariodionisio.org\/wp-content\/uploads\/2011-10-Fazer-um-livro.jpg 300w, http:\/\/noticias.centromariodionisio.org\/wp-content\/uploads\/2011-10-Fazer-um-livro-212x300.jpg 212w\" sizes=\"(max-width: 300px) 100vw, 300px\" \/><\/p>\n<p><strong>No domingo, dia 9 de Outubro, das 15h30 \u00e0s 17h30, come\u00e7a uma nova oficina<\/strong>. Em quatro sess\u00f5es vamos aprender a <strong>fazer um livro<\/strong> com a orienta\u00e7\u00e3o de quatro pessoas diferente. Nesta primeira sess\u00e3o vamos paginar \u00e0 m\u00e3o com <strong>V\u00edtor Silva Tavares<\/strong>. N\u00famero m\u00e1ximo de participantes: 10. Para todos a partir dos 12 anos.<\/p>\n<p style=\"text-align: center;\"><img decoding=\"async\" loading=\"lazy\" class=\"size-large wp-image-2936 aligncenter\" title=\"2011-10-10\" src=\"http:\/\/noticias.centromariodionisio.org\/wp-content\/uploads\/2011-10-10-680x1024.jpg\" alt=\"2011-10-10\" width=\"300\" height=\"424\" \/><\/p>\n<p><strong>Na segunda-feira, pelas 18h30, continua a leitura de <em>O elogio da m\u00e3o<\/em> de Henri Focillon<\/strong>, obra citada em <a href=\"http:\/\/centromariodionisio.org\/paleta_mundo_1_edicao.php\"><em>A Paleta e o Mundo<\/em><\/a> de M\u00e1rio Dion\u00edsio. <strong>A leitura comentada<\/strong>, com projec\u00e7\u00e3o dos quadros citados, <strong>\u00e9 de Eduarda Dion\u00edsio<\/strong>.<\/p>\n<p><strong>Nessa noite, pelas 21h30, continua tamb\u00e9m o ciclo de cinema \u2039\u2039Estrelas de Hollywood\u203a\u203a<\/strong>. Projectamos o filme <strong><em>A imperatriz vermelha<\/em><\/strong> (1934, 104 min.) <strong>de Josef von Sternberg, com Marlene Dietrich<\/strong>. Quem apresenta \u00e9 <strong>Henrique Esp\u00edrito Santo<\/strong>.<\/p>\n<p><object classid=\"clsid:d27cdb6e-ae6d-11cf-96b8-444553540000\" width=\"420\" height=\"315\" codebase=\"http:\/\/download.macromedia.com\/pub\/shockwave\/cabs\/flash\/swflash.cab#version=6,0,40,0\"><param name=\"allowFullScreen\" value=\"true\" \/><param name=\"allowscriptaccess\" value=\"always\" \/><param name=\"src\" value=\"http:\/\/www.youtube.com\/v\/nDtnE2aO8cI?version=3&amp;hl=pt_PT&amp;rel=0\" \/><param name=\"allowfullscreen\" value=\"true\" \/><embed type=\"application\/x-shockwave-flash\" width=\"420\" height=\"315\" src=\"http:\/\/www.youtube.com\/v\/nDtnE2aO8cI?version=3&amp;hl=pt_PT&amp;rel=0\" allowscriptaccess=\"always\" allowfullscreen=\"true\"><\/embed><\/object><\/p>\n","protected":false},"excerpt":{"rendered":"<p>No domingo, dia 9 de Outubro, das 15h30 \u00e0s 17h30, come\u00e7a uma nova oficina. Em quatro sess\u00f5es vamos aprender a fazer um livro com a orienta\u00e7\u00e3o de quatro pessoas diferente. Nesta primeira sess\u00e3o vamos paginar \u00e0 m\u00e3o com V\u00edtor Silva Tavares. N\u00famero m\u00e1ximo de participantes: 10. Para todos a partir dos 12 anos. Na segunda-feira, [&hellip;]<\/p>\n","protected":false},"author":1,"featured_media":0,"comment_status":"open","ping_status":"closed","sticky":false,"template":"","format":"standard","meta":[],"categories":[11,12,15],"tags":[],"_links":{"self":[{"href":"http:\/\/noticias.centromariodionisio.org\/index.php?rest_route=\/wp\/v2\/posts\/2934"}],"collection":[{"href":"http:\/\/noticias.centromariodionisio.org\/index.php?rest_route=\/wp\/v2\/posts"}],"about":[{"href":"http:\/\/noticias.centromariodionisio.org\/index.php?rest_route=\/wp\/v2\/types\/post"}],"author":[{"embeddable":true,"href":"http:\/\/noticias.centromariodionisio.org\/index.php?rest_route=\/wp\/v2\/users\/1"}],"replies":[{"embeddable":true,"href":"http:\/\/noticias.centromariodionisio.org\/index.php?rest_route=%2Fwp%2Fv2%2Fcomments&post=2934"}],"version-history":[{"count":4,"href":"http:\/\/noticias.centromariodionisio.org\/index.php?rest_route=\/wp\/v2\/posts\/2934\/revisions"}],"predecessor-version":[{"id":2938,"href":"http:\/\/noticias.centromariodionisio.org\/index.php?rest_route=\/wp\/v2\/posts\/2934\/revisions\/2938"}],"wp:attachment":[{"href":"http:\/\/noticias.centromariodionisio.org\/index.php?rest_route=%2Fwp%2Fv2%2Fmedia&parent=2934"}],"wp:term":[{"taxonomy":"category","embeddable":true,"href":"http:\/\/noticias.centromariodionisio.org\/index.php?rest_route=%2Fwp%2Fv2%2Fcategories&post=2934"},{"taxonomy":"post_tag","embeddable":true,"href":"http:\/\/noticias.centromariodionisio.org\/index.php?rest_route=%2Fwp%2Fv2%2Ftags&post=2934"}],"curies":[{"name":"wp","href":"https:\/\/api.w.org\/{rel}","templated":true}]}}