{"id":2884,"date":"2011-10-01T12:32:08","date_gmt":"2011-10-01T11:32:08","guid":{"rendered":"http:\/\/noticias.centromariodionisio.org\/?p=2884"},"modified":"2011-10-01T12:33:45","modified_gmt":"2011-10-01T11:33:45","slug":"1-a-3-de-outubro-visita-guiada-a-exposicao-%e2%80%b9%e2%80%b9sonhar-com-as-maos%e2%80%ba%e2%80%ba-oficina-de-caca-texturas-com-miguel-horta-ciclo-a-paleta-e-o-mundo-iii%e2%80%ba%e2%80%ba-e-um-novo","status":"publish","type":"post","link":"http:\/\/noticias.centromariodionisio.org\/?p=2884","title":{"rendered":"1 a 3 de Outubro: Visita guiada \u00e0 exposi\u00e7\u00e3o \u2039\u2039Sonhar com as m\u00e3os\u203a\u203a; oficina de ca\u00e7a texturas com Miguel Horta; ciclo A Paleta e o Mundo III\u203a\u203a e um novo ciclo de cinema: \u2039\u2039Estrelas de Hollywood\u203a\u203a com  &#8216;Crep\u00fasculo dos deuses\u203a\u203a"},"content":{"rendered":"<p><strong>Estes pr\u00f3ximos dias ser\u00e3o cheios de coisas na Casa da Achada &#8211; Centro M\u00e1rio Dion\u00edsio<\/strong>: h\u00e1 uma visita guiada \u00e0 nova exposi\u00e7\u00e3o, uma nova oficina, come\u00e7a um novo ciclo de leitura e um novo ciclo de cinema.<\/p>\n<p style=\"text-align: center;\"><a href=\"http:\/\/noticias.centromariodionisio.org\/wp-content\/uploads\/cartaz_sonhar.jpg\"><img decoding=\"async\" loading=\"lazy\" class=\"aligncenter size-full wp-image-2887\" title=\"cartaz_sonhar\" src=\"http:\/\/noticias.centromariodionisio.org\/wp-content\/uploads\/cartaz_sonhar.jpg\" alt=\"cartaz_sonhar\" width=\"302\" height=\"430\" srcset=\"http:\/\/noticias.centromariodionisio.org\/wp-content\/uploads\/cartaz_sonhar.jpg 600w, http:\/\/noticias.centromariodionisio.org\/wp-content\/uploads\/cartaz_sonhar-210x300.jpg 210w\" sizes=\"(max-width: 302px) 100vw, 302px\" \/><\/a><\/p>\n<p><strong>Hoje, s\u00e1bado, pelas 16h, acontece a primeira visita guiada \u00e0 exposi\u00e7\u00e3o \u2039\u2039Sonhar com as m\u00e3os &#8211; O desenho na obra de M\u00e1rio Dion\u00edsio\u203a\u203a pela curadora Paula Ribeiro Lobo<\/strong>. A exposi\u00e7\u00e3o inaugurada no dia 29 de Setembro \u00e9 composta por dezenas de desenhos de M\u00e1rio Dion\u00edsio, na maioria dos anos 40 e 50, de dimens\u00f5es, t\u00e9cnicas e suportes variados e com tem\u00e1ticas diferentes (retratos e auto-retratos, paisagens, cenas de trabalho, figuras, maquetes de murais, esbo\u00e7os de quadros).<\/p>\n<p style=\"text-align: center;\"><a href=\"http:\/\/noticias.centromariodionisio.org\/wp-content\/uploads\/cartaz_oficina_1.jpg\"><img decoding=\"async\" loading=\"lazy\" class=\"aligncenter size-full wp-image-2888\" title=\"cartaz_oficina_1\" src=\"http:\/\/noticias.centromariodionisio.org\/wp-content\/uploads\/cartaz_oficina_1.jpg\" alt=\"cartaz_oficina_1\" width=\"302\" height=\"430\" \/><\/a><\/p>\n<p><strong>No domingo, dia 2 de Outubro, das 15h30 \u00e0s 17h30, vamos ca\u00e7ar texturas na Achada numa oficina orientada por <a style=\"color: #333333;\" href=\"http:\/\/miguel-horta.blogspot.com\/\">Miguel Horta<\/a><\/strong>. Partir \u00e0 procura de texturas pelas ruas, jardins e pra\u00e7as, no ch\u00e3o e nas paredes, levando grandes folhas de papel e barras de grafite. Reunir a colec\u00e7\u00e3o que se conseguiu \u2039\u2039ca\u00e7ar\u203a\u203a nas folhas de papel. Falar sobre a origem e fun\u00e7\u00e3o desses objectos. Encontrar uma cidade invis\u00edvel que passa por baixo dos nossos passos.<\/p>\n<p style=\"text-align: center;\"><a href=\"http:\/\/noticias.centromariodionisio.org\/wp-content\/uploads\/cartaz_paleta.jpg\"><img decoding=\"async\" loading=\"lazy\" class=\"alignnone size-full wp-image-2885\" title=\"cartaz_paleta\" src=\"http:\/\/noticias.centromariodionisio.org\/wp-content\/uploads\/cartaz_paleta.jpg\" alt=\"cartaz_paleta\" width=\"302\" height=\"430\" \/><\/a><a href=\"http:\/\/noticias.centromariodionisio.org\/wp-content\/uploads\/cartaz_cinema.jpg\"><img decoding=\"async\" loading=\"lazy\" class=\"alignnone size-full wp-image-2886\" title=\"cartaz_cinema\" src=\"http:\/\/noticias.centromariodionisio.org\/wp-content\/uploads\/cartaz_cinema.jpg\" alt=\"cartaz_cinema\" width=\"302\" height=\"430\" \/><\/a><\/p>\n<p><strong>Na segunda-feira, 3 de Outubro, come\u00e7am dois novos ciclos<\/strong>. <strong>Pelas 18h30 come\u00e7a o ciclo \u2039\u2039A Paleta e o Mundo III\u203a\u203a<\/strong>. Ap\u00f3s a an\u00e1lise de todos os cap\u00edtulos da 1\u00aa parte de <em><a style=\"color: #333333;\" href=\"http:\/\/centromariodionisio.org\/paleta_mundo_1_edicao.php\">A Paleta e o Mundo<\/a><\/em> e da leitura de todos os cap\u00edtulos que comp\u00f5em as cinco partes da obra,  vamos come\u00e7ar a analisar textos e obras que foram citadas por M\u00e1rio  Dion\u00edsio. <strong>Eduarda Dion\u00edsio l\u00ea e comenta<\/strong>, com projec\u00e7\u00e3o de imagens, <em><strong>O Elogio da M\u00e3o<\/strong><\/em><strong> de Henri Focillon<\/strong>.<\/p>\n<p><strong>\u00c0 noite, pelas 21h30, come\u00e7a um novo ciclo de cinema<\/strong>, desta vez dentro de portas: <strong>\u2039\u2039Estrelas de Hollywood\u203a\u203a<\/strong>. O primeiro filme deste ciclo \u00e9 <strong><em>Crep\u00fasculo dos deuses<\/em><\/strong> (1950, 110 min.) de <strong>Billy Wilder<\/strong>, com <strong>Gloria Swanson<\/strong>. Quem apresenta o filme \u00e9 <strong>V\u00edtor Silva Tavares<\/strong>.<\/p>\n<p><object width=\"420\" height=\"315\"><param name=\"movie\" value=\"http:\/\/www.youtube.com\/v\/UwxGbhclIGw?version=3&amp;hl=pt_PT&amp;rel=0\"><\/param><param name=\"allowFullScreen\" value=\"true\"><\/param><param name=\"allowscriptaccess\" value=\"always\"><\/param><embed src=\"http:\/\/www.youtube.com\/v\/UwxGbhclIGw?version=3&amp;hl=pt_PT&amp;rel=0\" type=\"application\/x-shockwave-flash\" width=\"420\" height=\"315\" allowscriptaccess=\"always\" allowfullscreen=\"true\"><\/embed><\/object><\/p>\n","protected":false},"excerpt":{"rendered":"<p>Estes pr\u00f3ximos dias ser\u00e3o cheios de coisas na Casa da Achada &#8211; Centro M\u00e1rio Dion\u00edsio: h\u00e1 uma visita guiada \u00e0 nova exposi\u00e7\u00e3o, uma nova oficina, come\u00e7a um novo ciclo de leitura e um novo ciclo de cinema. Hoje, s\u00e1bado, pelas 16h, acontece a primeira visita guiada \u00e0 exposi\u00e7\u00e3o \u2039\u2039Sonhar com as m\u00e3os &#8211; O desenho [&hellip;]<\/p>\n","protected":false},"author":1,"featured_media":0,"comment_status":"open","ping_status":"closed","sticky":false,"template":"","format":"standard","meta":[],"categories":[11,12,16,15],"tags":[],"_links":{"self":[{"href":"http:\/\/noticias.centromariodionisio.org\/index.php?rest_route=\/wp\/v2\/posts\/2884"}],"collection":[{"href":"http:\/\/noticias.centromariodionisio.org\/index.php?rest_route=\/wp\/v2\/posts"}],"about":[{"href":"http:\/\/noticias.centromariodionisio.org\/index.php?rest_route=\/wp\/v2\/types\/post"}],"author":[{"embeddable":true,"href":"http:\/\/noticias.centromariodionisio.org\/index.php?rest_route=\/wp\/v2\/users\/1"}],"replies":[{"embeddable":true,"href":"http:\/\/noticias.centromariodionisio.org\/index.php?rest_route=%2Fwp%2Fv2%2Fcomments&post=2884"}],"version-history":[{"count":3,"href":"http:\/\/noticias.centromariodionisio.org\/index.php?rest_route=\/wp\/v2\/posts\/2884\/revisions"}],"predecessor-version":[{"id":2890,"href":"http:\/\/noticias.centromariodionisio.org\/index.php?rest_route=\/wp\/v2\/posts\/2884\/revisions\/2890"}],"wp:attachment":[{"href":"http:\/\/noticias.centromariodionisio.org\/index.php?rest_route=%2Fwp%2Fv2%2Fmedia&parent=2884"}],"wp:term":[{"taxonomy":"category","embeddable":true,"href":"http:\/\/noticias.centromariodionisio.org\/index.php?rest_route=%2Fwp%2Fv2%2Fcategories&post=2884"},{"taxonomy":"post_tag","embeddable":true,"href":"http:\/\/noticias.centromariodionisio.org\/index.php?rest_route=%2Fwp%2Fv2%2Ftags&post=2884"}],"curies":[{"name":"wp","href":"https:\/\/api.w.org\/{rel}","templated":true}]}}