{"id":2659,"date":"2011-07-04T16:39:05","date_gmt":"2011-07-04T15:39:05","guid":{"rendered":"http:\/\/noticias.centromariodionisio.org\/?p=2659"},"modified":"2011-07-07T16:02:17","modified_gmt":"2011-07-07T15:02:17","slug":"hoje-leitura-de-a-paleta-e-o-mundo-e-cinema-ao-ar-livre-com-casablanca","status":"publish","type":"post","link":"http:\/\/noticias.centromariodionisio.org\/?p=2659","title":{"rendered":"Hoje: leitura de &#8216;A Paleta e o Mundo&#8217; e cinema ao ar livre com &#8216;Casablanca&#8217;"},"content":{"rendered":"<p style=\"text-align: center;\"><a href=\"http:\/\/noticias.centromariodionisio.org\/wp-content\/uploads\/SEGUNDA-4-JUL-11.jpg\"><img decoding=\"async\" loading=\"lazy\" class=\"aligncenter size-large wp-image-2655\" title=\"SEGUNDA 4 JUL 11\" src=\"http:\/\/noticias.centromariodionisio.org\/wp-content\/uploads\/SEGUNDA-4-JUL-11-686x1024.jpg\" alt=\"SEGUNDA 4 JUL 11\" width=\"412\" height=\"614\" srcset=\"http:\/\/noticias.centromariodionisio.org\/wp-content\/uploads\/SEGUNDA-4-JUL-11-686x1024.jpg 686w, http:\/\/noticias.centromariodionisio.org\/wp-content\/uploads\/SEGUNDA-4-JUL-11-201x300.jpg 201w, http:\/\/noticias.centromariodionisio.org\/wp-content\/uploads\/SEGUNDA-4-JUL-11.jpg 1452w\" sizes=\"(max-width: 412px) 100vw, 412px\" \/><\/a><\/p>\n<p><strong>Hoje, dia 4 de Julho, inicia-se a leitura de mais um cap\u00edtulo de <em>A Paleta e o Mundo<\/em> de M\u00e1rio Dion\u00edsio<\/strong>. <strong>Carla Mota<\/strong> l\u00ea, enquanto s\u00e3o projectadas as imagens de quadros referidos na obra, o quinto cap\u00edtulo da primeira parte: <strong>\u00abDa \u00e1rvore \u00e0 est\u00e1tua\u00bb<\/strong>.<\/p>\n<p>Com a chegada de Julho come\u00e7a um <a href=\"http:\/\/noticias.centromariodionisio.org\/?p=2642\">novo ciclo de cinema<\/a>, e desta vez \u00e9 ao ar livre: <strong>\u00abFilmes das nossas vidas\u00bb<\/strong>. 13 pessoas ligadas \u00e0 Casa da Achada escolheram 13 filmes que de alguma forma s\u00e3o os filmes das suas vidas. Come\u00e7amos o ciclo com <strong><em>Casablanca<\/em><\/strong> (1942, 102 min.) de <strong>Michael Curtiz<\/strong>. A escolha foi de <strong>Sebasti\u00e3o Lima Rego, <\/strong>que apresenta o filme.<\/p>\n","protected":false},"excerpt":{"rendered":"<p>Hoje, dia 4 de Julho, inicia-se a leitura de mais um cap\u00edtulo de A Paleta e o Mundo de M\u00e1rio Dion\u00edsio. Carla Mota l\u00ea, enquanto s\u00e3o projectadas as imagens de quadros referidos na obra, o quinto cap\u00edtulo da primeira parte: \u00abDa \u00e1rvore \u00e0 est\u00e1tua\u00bb. Com a chegada de Julho come\u00e7a um novo ciclo de cinema, [&hellip;]<\/p>\n","protected":false},"author":1,"featured_media":0,"comment_status":"open","ping_status":"closed","sticky":false,"template":"","format":"standard","meta":[],"categories":[11,12],"tags":[],"_links":{"self":[{"href":"http:\/\/noticias.centromariodionisio.org\/index.php?rest_route=\/wp\/v2\/posts\/2659"}],"collection":[{"href":"http:\/\/noticias.centromariodionisio.org\/index.php?rest_route=\/wp\/v2\/posts"}],"about":[{"href":"http:\/\/noticias.centromariodionisio.org\/index.php?rest_route=\/wp\/v2\/types\/post"}],"author":[{"embeddable":true,"href":"http:\/\/noticias.centromariodionisio.org\/index.php?rest_route=\/wp\/v2\/users\/1"}],"replies":[{"embeddable":true,"href":"http:\/\/noticias.centromariodionisio.org\/index.php?rest_route=%2Fwp%2Fv2%2Fcomments&post=2659"}],"version-history":[{"count":4,"href":"http:\/\/noticias.centromariodionisio.org\/index.php?rest_route=\/wp\/v2\/posts\/2659\/revisions"}],"predecessor-version":[{"id":2666,"href":"http:\/\/noticias.centromariodionisio.org\/index.php?rest_route=\/wp\/v2\/posts\/2659\/revisions\/2666"}],"wp:attachment":[{"href":"http:\/\/noticias.centromariodionisio.org\/index.php?rest_route=%2Fwp%2Fv2%2Fmedia&parent=2659"}],"wp:term":[{"taxonomy":"category","embeddable":true,"href":"http:\/\/noticias.centromariodionisio.org\/index.php?rest_route=%2Fwp%2Fv2%2Fcategories&post=2659"},{"taxonomy":"post_tag","embeddable":true,"href":"http:\/\/noticias.centromariodionisio.org\/index.php?rest_route=%2Fwp%2Fv2%2Ftags&post=2659"}],"curies":[{"name":"wp","href":"https:\/\/api.w.org\/{rel}","templated":true}]}}