{"id":2642,"date":"2011-06-30T17:57:03","date_gmt":"2011-06-30T16:57:03","guid":{"rendered":"http:\/\/noticias.centromariodionisio.org\/?p=2642"},"modified":"2011-07-01T16:57:53","modified_gmt":"2011-07-01T15:57:53","slug":"em-julho-agosto-e-setembro-o-cinema-e-ao-ar-livre-%e2%80%b9%e2%80%b9filmes-das-nossas-vidas%e2%80%ba%e2%80%ba","status":"publish","type":"post","link":"http:\/\/noticias.centromariodionisio.org\/?p=2642","title":{"rendered":"Em Julho, Agosto e Setembro o cinema \u00e9 ao ar livre: \u2039\u2039Filmes das nossas vidas\u203a\u203a"},"content":{"rendered":"<p style=\"text-align: center;\"><a href=\"http:\/\/noticias.centromariodionisio.org\/wp-content\/uploads\/Cartaz-ar-livre-11-21.jpg\"><img decoding=\"async\" loading=\"lazy\" class=\"aligncenter size-large wp-image-2645\" title=\"Cartaz ar livre 11 (2)\" src=\"http:\/\/noticias.centromariodionisio.org\/wp-content\/uploads\/Cartaz-ar-livre-11-21-723x1024.jpg\" alt=\"Cartaz ar livre 11 (2)\" width=\"434\" height=\"614\" srcset=\"http:\/\/noticias.centromariodionisio.org\/wp-content\/uploads\/Cartaz-ar-livre-11-21-723x1024.jpg 723w, http:\/\/noticias.centromariodionisio.org\/wp-content\/uploads\/Cartaz-ar-livre-11-21-212x300.jpg 212w, http:\/\/noticias.centromariodionisio.org\/wp-content\/uploads\/Cartaz-ar-livre-11-21.jpg 1654w\" sizes=\"(max-width: 434px) 100vw, 434px\" \/><\/a><\/p>\n<p><strong>CICLO DE CINEMA AO AR LIVRE &#8211; FILMES DAS NOSSAS VIDAS<br \/>\n13 pessoas escolheram 13 filmes, v\u00e3o apresent\u00e1-los e debaterem-nos com os espectadores <\/strong><\/p>\n<p><strong>Segundas-feiras, 21h30, em frente \u00e0 Casa da Achada<\/strong><\/p>\n<p>Como em 2010, as sess\u00f5es semanais de cinema na Casa da Achada, durante Julho, Agosto e Setembro de 2011 s\u00e3o ao ar livre.<br \/>\nDesta vez, s\u00e3o os filmes que 13 pessoas \u2013 porque s\u00e3o 13 das segundas-feiras destes tr\u00eas meses -, de um modo ou de outro, ligadas \u00e0 Casa da Achada \u2013 Centro M\u00e1rio Dion\u00edsio, entenderam mostrar a outros que nunca os viram ou que nunca os viram ou que talvez os queiram rever.<br \/>\nS\u00e3o filmes muito diferentes, feitos ao longo de muitos anos. O mais antiga \u00e9 de 1930 e o mais recente de 2010. Uns s\u00e3o de fic\u00e7\u00e3o e outros document\u00e1rios, realizados em diferentes pa\u00edses.<br \/>\nO que os re\u00fane \u00e9 terem entrado nas vidas de quem os prop\u00f5e e serem apresentados por quem os prop\u00f4s.<br \/>\nE a Casa da Achada faz assim porque o cinema \u00e9 parte das nossas vidas e fez parte da vida de M\u00e1rio Dion\u00edsio.<\/p>\n<p><strong>Segunda-feira, 4 de Julho, 21h30<br \/>\n<em>Casablanca<\/em><\/strong><br \/>\nde Michael Curtiz (1942, 102 min.)<br \/>\nescolha de Sebasti\u00e3o Lima R\u00eago<\/p>\n<p><strong>Segunda-feira, 11 de Julho, 21h30<br \/>\n<em>Orfeu Negro<\/em><\/strong><br \/>\nde Marcel Camus (1959, 100 min.)<br \/>\nescolha de V\u00edtor Silva Tavares<\/p>\n<p><strong>Segunda-feira, 18 de Julho, 21h30<br \/>\n<em>Quem tramou Roger Rabbitt?<\/em><\/strong><br \/>\nde Robert Zemeckis (1988, 104 min.)<br \/>\nescolha de Pedro Rodrigues<\/p>\n<p><strong>Segunda-feira, 25 de Julho, 21h30<br \/>\n<em>Mikis Theodorakis &#8211; A cor da liberdade<\/em> (2\u00aa parte)<\/strong><br \/>\nde Yannis Katomeris (2010, 117 min.)<br \/>\nescolha de Luz Moita<br \/>\nNa sequ\u00eancia deste filme, haver\u00e1 no dia <strong>29 de Julho<\/strong>, \u00e0s <strong>18h<\/strong>, uma homenagem a Theodorakis, no dia do seu 90\u00ba anivers\u00e1rio, que inclui a projec\u00e7\u00e3o da <strong>1\u00aa parte<\/strong> do document\u00e1rio <strong><em>Mikis Theodorakis &#8211; A cor da liberdade<\/em><\/strong>.<\/p>\n<p><strong>Segunda-feira, 1 de Agosto, 21h30<br \/>\n<em>Uma noite na \u00f3pera<\/em><\/strong><br \/>\nde Sam Wood (1935, 96 min.)<br \/>\nescolha de Regina Guimar\u00e3es<\/p>\n<p><strong>Segunda-feira, 8 de Agosto, 21h30<br \/>\n<em>Um dia em Nova Iorque<\/em><\/strong><br \/>\nde Gene Kelly e Stanley Donen (1949, 93 min.)<br \/>\nescolha de Jorge Silva Melo<\/p>\n<p><strong>Segunda-feira, 15 de Agosto, 21h30<br \/>\n<em>Casa de ch\u00e1 do luar de Agosto<\/em><\/strong><br \/>\nde Daniel Mann (1956, 123 min.)<br \/>\nescolha de Filomena Marona Beja<\/p>\n<p><strong>Segunda-feira, 22 de Agosto, 21h30<br \/>\n<em>Jonas que ter\u00e1 25 anos no ano 2000<\/em><\/strong><br \/>\nde Alain Tanner (1976, 116 min.)<br \/>\nescolha de Eduarda Dion\u00edsio<\/p>\n<p><strong>Segunda-feira, 29 de Agosto, 21h30<br \/>\n<em>A regra do jogo<\/em><\/strong><br \/>\nde Jean Renoir (1939, 110 min.)<br \/>\nescolha de Jo\u00e3o Pedro B\u00e9nard<\/p>\n<p><strong>Segunda-feira, 5 de Setembro, 21h30<br \/>\n<em>Bullitt<\/em><\/strong><br \/>\nde Peter Yates (1968, 114 min.)<br \/>\nescolha de Jo\u00e3o Rodrigues<\/p>\n<p><strong>Segunda-feira, 12 de Setembro, 21h30<br \/>\n<em>Gente ao domingo<\/em><\/strong><br \/>\nde Robert Siodmak (1930, 74 min.)<br \/>\nescolha de Miguel Castro Caldas<\/p>\n<p><strong>Segunda-feira, 19 de Setembro, 21h30<br \/>\n<em>Outro pa\u00eds<\/em><\/strong><br \/>\nde S\u00e9rgio Tr\u00e9faut (2000, 52 min.)<br \/>\nescolha de Ant\u00f3nio Loja Neves<\/p>\n<p><strong>Segunda-feira, 26 de Setembro, 21h30<br \/>\n<em>Um homem sem passado<\/em><\/strong><br \/>\nde Aki Kaurism\u00e4ki (2002, 97 min.)<br \/>\nescolha de Manuel Mozos<\/p>\n","protected":false},"excerpt":{"rendered":"<p>CICLO DE CINEMA AO AR LIVRE &#8211; FILMES DAS NOSSAS VIDAS 13 pessoas escolheram 13 filmes, v\u00e3o apresent\u00e1-los e debaterem-nos com os espectadores Segundas-feiras, 21h30, em frente \u00e0 Casa da Achada Como em 2010, as sess\u00f5es semanais de cinema na Casa da Achada, durante Julho, Agosto e Setembro de 2011 s\u00e3o ao ar livre. Desta [&hellip;]<\/p>\n","protected":false},"author":1,"featured_media":0,"comment_status":"open","ping_status":"closed","sticky":false,"template":"","format":"standard","meta":[],"categories":[12],"tags":[],"_links":{"self":[{"href":"http:\/\/noticias.centromariodionisio.org\/index.php?rest_route=\/wp\/v2\/posts\/2642"}],"collection":[{"href":"http:\/\/noticias.centromariodionisio.org\/index.php?rest_route=\/wp\/v2\/posts"}],"about":[{"href":"http:\/\/noticias.centromariodionisio.org\/index.php?rest_route=\/wp\/v2\/types\/post"}],"author":[{"embeddable":true,"href":"http:\/\/noticias.centromariodionisio.org\/index.php?rest_route=\/wp\/v2\/users\/1"}],"replies":[{"embeddable":true,"href":"http:\/\/noticias.centromariodionisio.org\/index.php?rest_route=%2Fwp%2Fv2%2Fcomments&post=2642"}],"version-history":[{"count":5,"href":"http:\/\/noticias.centromariodionisio.org\/index.php?rest_route=\/wp\/v2\/posts\/2642\/revisions"}],"predecessor-version":[{"id":2652,"href":"http:\/\/noticias.centromariodionisio.org\/index.php?rest_route=\/wp\/v2\/posts\/2642\/revisions\/2652"}],"wp:attachment":[{"href":"http:\/\/noticias.centromariodionisio.org\/index.php?rest_route=%2Fwp%2Fv2%2Fmedia&parent=2642"}],"wp:term":[{"taxonomy":"category","embeddable":true,"href":"http:\/\/noticias.centromariodionisio.org\/index.php?rest_route=%2Fwp%2Fv2%2Fcategories&post=2642"},{"taxonomy":"post_tag","embeddable":true,"href":"http:\/\/noticias.centromariodionisio.org\/index.php?rest_route=%2Fwp%2Fv2%2Ftags&post=2642"}],"curies":[{"name":"wp","href":"https:\/\/api.w.org\/{rel}","templated":true}]}}