{"id":2084,"date":"2011-01-13T19:41:17","date_gmt":"2011-01-13T18:41:17","guid":{"rendered":"http:\/\/noticias.centromariodionisio.org\/?p=2084"},"modified":"2011-01-13T19:41:41","modified_gmt":"2011-01-13T18:41:41","slug":"15-de-janeiro-um-dia-diferente","status":"publish","type":"post","link":"http:\/\/noticias.centromariodionisio.org\/?p=2084","title":{"rendered":"15 de Janeiro, um dia diferente"},"content":{"rendered":"<p style=\"text-align: center;\"><img decoding=\"async\" loading=\"lazy\" class=\"size-large wp-image-2086 alignnone\" title=\"SAB 15 JAN 11\" src=\"http:\/\/noticias.centromariodionisio.org\/wp-content\/uploads\/SAB-15-JAN-111-719x1024.jpg\" alt=\"SAB 15 JAN 11\" width=\"431\" height=\"614\" srcset=\"http:\/\/noticias.centromariodionisio.org\/wp-content\/uploads\/SAB-15-JAN-111-719x1024.jpg 719w, http:\/\/noticias.centromariodionisio.org\/wp-content\/uploads\/SAB-15-JAN-111-210x300.jpg 210w, http:\/\/noticias.centromariodionisio.org\/wp-content\/uploads\/SAB-15-JAN-111.jpg 1599w\" sizes=\"(max-width: 431px) 100vw, 431px\" \/><\/p>\n<p style=\"text-align: center;\">\n<p style=\"text-align: left;\"><strong>15 de Janeiro \u00e9 um dia especial na Casa da Achada<\/strong>. \u00c0s <strong>15h<\/strong> acontece a <strong><a href=\"http:\/\/noticias.centromariodionisio.org\/?p=575\">1\u00aa reuni\u00e3o dos Amigos da Achada<\/a><\/strong>. Depois, <strong>a partir das 17h<\/strong>, h\u00e1 duas actividades ligadas: primeiro a <strong>projec\u00e7\u00e3o do v\u00eddeo <em>A Terra Treme<\/em><\/strong> sobre a participa\u00e7\u00e3o do <strong><a href=\"http:\/\/www.centromariodionisio.org\/casadaachada_coro.php\">Coro da Achada<\/a> na Greve Geral<\/strong>, depois d\u00e1-se o in\u00edcio do debate <strong>\u00abPara que serve o canto popular?\u00bb<\/strong>, tema da festa anual da <a href=\"http:\/\/legadicultura.it\/\"><strong>Lega di Cultura di Piadena<\/strong><\/a> onde o Coro da Achada vai participar.<\/p>\n","protected":false},"excerpt":{"rendered":"<p>15 de Janeiro \u00e9 um dia especial na Casa da Achada. \u00c0s 15h acontece a 1\u00aa reuni\u00e3o dos Amigos da Achada. Depois, a partir das 17h, h\u00e1 duas actividades ligadas: primeiro a projec\u00e7\u00e3o do v\u00eddeo A Terra Treme sobre a participa\u00e7\u00e3o do Coro da Achada na Greve Geral, depois d\u00e1-se o in\u00edcio do debate \u00abPara [&hellip;]<\/p>\n","protected":false},"author":1,"featured_media":0,"comment_status":"open","ping_status":"closed","sticky":false,"template":"","format":"standard","meta":[],"categories":[18,14],"tags":[],"_links":{"self":[{"href":"http:\/\/noticias.centromariodionisio.org\/index.php?rest_route=\/wp\/v2\/posts\/2084"}],"collection":[{"href":"http:\/\/noticias.centromariodionisio.org\/index.php?rest_route=\/wp\/v2\/posts"}],"about":[{"href":"http:\/\/noticias.centromariodionisio.org\/index.php?rest_route=\/wp\/v2\/types\/post"}],"author":[{"embeddable":true,"href":"http:\/\/noticias.centromariodionisio.org\/index.php?rest_route=\/wp\/v2\/users\/1"}],"replies":[{"embeddable":true,"href":"http:\/\/noticias.centromariodionisio.org\/index.php?rest_route=%2Fwp%2Fv2%2Fcomments&post=2084"}],"version-history":[{"count":3,"href":"http:\/\/noticias.centromariodionisio.org\/index.php?rest_route=\/wp\/v2\/posts\/2084\/revisions"}],"predecessor-version":[{"id":2088,"href":"http:\/\/noticias.centromariodionisio.org\/index.php?rest_route=\/wp\/v2\/posts\/2084\/revisions\/2088"}],"wp:attachment":[{"href":"http:\/\/noticias.centromariodionisio.org\/index.php?rest_route=%2Fwp%2Fv2%2Fmedia&parent=2084"}],"wp:term":[{"taxonomy":"category","embeddable":true,"href":"http:\/\/noticias.centromariodionisio.org\/index.php?rest_route=%2Fwp%2Fv2%2Fcategories&post=2084"},{"taxonomy":"post_tag","embeddable":true,"href":"http:\/\/noticias.centromariodionisio.org\/index.php?rest_route=%2Fwp%2Fv2%2Ftags&post=2084"}],"curies":[{"name":"wp","href":"https:\/\/api.w.org\/{rel}","templated":true}]}}