{"id":2079,"date":"2011-01-10T23:17:35","date_gmt":"2011-01-10T22:17:35","guid":{"rendered":"http:\/\/noticias.centromariodionisio.org\/?p=2079"},"modified":"2011-01-10T23:43:19","modified_gmt":"2011-01-10T22:43:19","slug":"livros-das-nossas-vidas-2","status":"publish","type":"post","link":"http:\/\/noticias.centromariodionisio.org\/?p=2079","title":{"rendered":"Livros das nossas vidas"},"content":{"rendered":"<p style=\"text-align: center;\"><img decoding=\"async\" loading=\"lazy\" class=\"size-large wp-image-1987 alignnone\" title=\"Cartaz LNV JAN\" src=\"http:\/\/noticias.centromariodionisio.org\/wp-content\/uploads\/Cartaz-LNV-JAN-723x1024.jpg\" alt=\"Cartaz LNV JAN\" width=\"434\" height=\"614\" srcset=\"http:\/\/noticias.centromariodionisio.org\/wp-content\/uploads\/Cartaz-LNV-JAN-723x1024.jpg 723w, http:\/\/noticias.centromariodionisio.org\/wp-content\/uploads\/Cartaz-LNV-JAN-212x300.jpg 212w, http:\/\/noticias.centromariodionisio.org\/wp-content\/uploads\/Cartaz-LNV-JAN.jpg 1654w\" sizes=\"(max-width: 434px) 100vw, 434px\" \/><\/p>\n<p style=\"text-align: left;\">8.\u00aa sess\u00e3o de uma s\u00e9rie com  periodicidade mensal, a partir de livros  referidos num depoimento de M\u00e1rio  Dion\u00edsio sobre \u00abOs livros da minha  vida\u00bb.<\/p>\n<p style=\"text-align: left;\">\n<strong>M\u00e1rio de Carvalho <\/strong>fala de<strong> <em>A Condi\u00e7\u00e3o Humana <\/em><\/strong>de <strong>Andr\u00e9 Malraux<\/strong>.<\/p>\n","protected":false},"excerpt":{"rendered":"<p>8.\u00aa sess\u00e3o de uma s\u00e9rie com periodicidade mensal, a partir de livros referidos num depoimento de M\u00e1rio Dion\u00edsio sobre \u00abOs livros da minha vida\u00bb. M\u00e1rio de Carvalho fala de A Condi\u00e7\u00e3o Humana de Andr\u00e9 Malraux.<\/p>\n","protected":false},"author":1,"featured_media":0,"comment_status":"open","ping_status":"closed","sticky":false,"template":"","format":"standard","meta":[],"categories":[21],"tags":[],"_links":{"self":[{"href":"http:\/\/noticias.centromariodionisio.org\/index.php?rest_route=\/wp\/v2\/posts\/2079"}],"collection":[{"href":"http:\/\/noticias.centromariodionisio.org\/index.php?rest_route=\/wp\/v2\/posts"}],"about":[{"href":"http:\/\/noticias.centromariodionisio.org\/index.php?rest_route=\/wp\/v2\/types\/post"}],"author":[{"embeddable":true,"href":"http:\/\/noticias.centromariodionisio.org\/index.php?rest_route=\/wp\/v2\/users\/1"}],"replies":[{"embeddable":true,"href":"http:\/\/noticias.centromariodionisio.org\/index.php?rest_route=%2Fwp%2Fv2%2Fcomments&post=2079"}],"version-history":[{"count":4,"href":"http:\/\/noticias.centromariodionisio.org\/index.php?rest_route=\/wp\/v2\/posts\/2079\/revisions"}],"predecessor-version":[{"id":2081,"href":"http:\/\/noticias.centromariodionisio.org\/index.php?rest_route=\/wp\/v2\/posts\/2079\/revisions\/2081"}],"wp:attachment":[{"href":"http:\/\/noticias.centromariodionisio.org\/index.php?rest_route=%2Fwp%2Fv2%2Fmedia&parent=2079"}],"wp:term":[{"taxonomy":"category","embeddable":true,"href":"http:\/\/noticias.centromariodionisio.org\/index.php?rest_route=%2Fwp%2Fv2%2Fcategories&post=2079"},{"taxonomy":"post_tag","embeddable":true,"href":"http:\/\/noticias.centromariodionisio.org\/index.php?rest_route=%2Fwp%2Fv2%2Ftags&post=2079"}],"curies":[{"name":"wp","href":"https:\/\/api.w.org\/{rel}","templated":true}]}}