{"id":2066,"date":"2011-01-07T17:08:26","date_gmt":"2011-01-07T16:08:26","guid":{"rendered":"http:\/\/noticias.centromariodionisio.org\/?p=2066"},"modified":"2011-01-07T21:00:13","modified_gmt":"2011-01-07T20:00:13","slug":"2066","status":"publish","type":"post","link":"http:\/\/noticias.centromariodionisio.org\/?p=2066","title":{"rendered":"Nos pr\u00f3ximos dias&#8230;"},"content":{"rendered":"<p>Os pr\u00f3ximos dias na Casa da Achada ser\u00e3o bem preenchidos.<\/p>\n<p style=\"text-align: center;\"><img decoding=\"async\" loading=\"lazy\" class=\"size-large wp-image-1988  aligncenter\" title=\"Cartaz of. Encaderna\u00e7\u00e3o\" src=\"http:\/\/noticias.centromariodionisio.org\/wp-content\/uploads\/Cartaz-of.-Encaderna\u00e7\u00e3o-723x1024.jpg\" alt=\"Cartaz of. Encaderna\u00e7\u00e3o\" width=\"156\" height=\"221\" srcset=\"http:\/\/noticias.centromariodionisio.org\/wp-content\/uploads\/Cartaz-of.-Encaderna\u00e7\u00e3o-723x1024.jpg 723w, http:\/\/noticias.centromariodionisio.org\/wp-content\/uploads\/Cartaz-of.-Encaderna\u00e7\u00e3o-212x300.jpg 212w, http:\/\/noticias.centromariodionisio.org\/wp-content\/uploads\/Cartaz-of.-Encaderna\u00e7\u00e3o.jpg 1654w\" sizes=\"(max-width: 156px) 100vw, 156px\" \/><\/p>\n<p>No domingo acontece a <strong>1\u00aa sess\u00e3o da <a href=\"http:\/\/noticias.centromariodionisio.org\/?p=2050\">Oficina de Encaderna\u00e7\u00e3o<\/a><\/strong> orientada por <strong>S\u00f3nia Gabriel<\/strong> e <strong>Pedro Oliveira<\/strong>. A <strong>oficina encontra-se lotada<\/strong>.<\/p>\n<p style=\"text-align: center;\"><img decoding=\"async\" loading=\"lazy\" class=\"size-large wp-image-2065  aligncenter\" title=\"Cartaz segunda 10 Jan 11\" src=\"http:\/\/noticias.centromariodionisio.org\/wp-content\/uploads\/Cartaz-segunda-10-Jan-11-683x1024.jpg\" alt=\"Cartaz segunda 10 Jan 11\" width=\"271\" height=\"405\" srcset=\"http:\/\/noticias.centromariodionisio.org\/wp-content\/uploads\/Cartaz-segunda-10-Jan-11-683x1024.jpg 683w, http:\/\/noticias.centromariodionisio.org\/wp-content\/uploads\/Cartaz-segunda-10-Jan-11-200x300.jpg 200w, http:\/\/noticias.centromariodionisio.org\/wp-content\/uploads\/Cartaz-segunda-10-Jan-11.jpg 1397w\" sizes=\"(max-width: 271px) 100vw, 271px\" \/><\/p>\n<p>Na<strong> segunda-feira, 10 de Janeiro, \u00e0s 18h30<\/strong> prossegue a leitura de <a href=\"http:\/\/www.centromariodionisio.org\/paleta_mundo_1_edicao.php\"><strong><em>A Paleta e o Mundo<\/em><\/strong><\/a> de M\u00e1rio Dion\u00edsio. <strong>Marta Caldas e Pedro Soares<\/strong> terminam a leitura do cap\u00edtulo <strong>\u00abAnalisar, reconstruir\u00bb<\/strong> e<strong> Carla Mota<\/strong> ir\u00e1 iniciar a leitura de <strong>\u00abAbstrair\u00bb<\/strong>. Pelas <strong>21h30<\/strong> projectamos o segundo filme do ciclo <a href=\"http:\/\/noticias.centromariodionisio.org\/?p=2052\"><strong>Cinema e Pintura<\/strong><\/a>: <strong><em>Paix\u00e3o<\/em><\/strong> de <strong>Jean-Luc Godard<\/strong> (1982,\u00a0 88 min.). <strong>Seixas Santos<\/strong> apresenta o filme.<\/p>\n<p>Mas ainda h\u00e1 mais para fazer nestes pr\u00f3ximos dias. No s\u00e1bado, <strong>8 de Janeiro<\/strong>, \u00e0s <strong>15h<\/strong> a <a href=\"http:\/\/u-ni-pop.blogspot.com\/2011\/01\/mesa-redonda-o-espectro-da-anarquia.html\"><strong>UNIPOP<\/strong> organiza uma mesa-redonda com o tema <strong>\u00abO Espectro da Anarquia\u00bb<\/strong><\/a>. No <strong>domingo<\/strong>, \u00e0s <strong>17h30<\/strong> h\u00e1 a <a href=\"http:\/\/www.quercus.pt\/scid\/webquercus\/defaultArticleViewOne.asp?categoryID=689&amp;articleID=3396\">apresenta\u00e7\u00e3o do livro <strong><em>Contos da Biodiversidade<\/em><\/strong> proposta pela <strong>Quercus<\/strong><\/a>. Na ter\u00e7a-feira, <strong>11 de Janeiro<\/strong>, continua o Ciclo de Document\u00e1rios <a href=\"http:\/\/politicasdehabitacao.blogspot.com\/search\/label\/Ciclo%20de%20Document%C3%A1rios%203%C2%AAs%20de%20Janeiro\"><strong>As Cidades e a Constru\u00e7\u00e3o Informal<\/strong> organizado pelo <strong>CIES<\/strong><\/a>: <strong><em>Paredes Meias<\/em><\/strong> de Pedro Mesquita (\u00e0s <strong>18h30<\/strong>) e <strong><em>Opera\u00e7\u00f5es SAAL<\/em><\/strong> de Jo\u00e3o Dias (\u00e0s <strong>21h30<\/strong>).<\/p>\n","protected":false},"excerpt":{"rendered":"<p>Os pr\u00f3ximos dias na Casa da Achada ser\u00e3o bem preenchidos. No domingo acontece a 1\u00aa sess\u00e3o da Oficina de Encaderna\u00e7\u00e3o orientada por S\u00f3nia Gabriel e Pedro Oliveira. A oficina encontra-se lotada. Na segunda-feira, 10 de Janeiro, \u00e0s 18h30 prossegue a leitura de A Paleta e o Mundo de M\u00e1rio Dion\u00edsio. Marta Caldas e Pedro Soares [&hellip;]<\/p>\n","protected":false},"author":1,"featured_media":0,"comment_status":"open","ping_status":"closed","sticky":false,"template":"","format":"standard","meta":[],"categories":[11,12,15],"tags":[],"_links":{"self":[{"href":"http:\/\/noticias.centromariodionisio.org\/index.php?rest_route=\/wp\/v2\/posts\/2066"}],"collection":[{"href":"http:\/\/noticias.centromariodionisio.org\/index.php?rest_route=\/wp\/v2\/posts"}],"about":[{"href":"http:\/\/noticias.centromariodionisio.org\/index.php?rest_route=\/wp\/v2\/types\/post"}],"author":[{"embeddable":true,"href":"http:\/\/noticias.centromariodionisio.org\/index.php?rest_route=\/wp\/v2\/users\/1"}],"replies":[{"embeddable":true,"href":"http:\/\/noticias.centromariodionisio.org\/index.php?rest_route=%2Fwp%2Fv2%2Fcomments&post=2066"}],"version-history":[{"count":12,"href":"http:\/\/noticias.centromariodionisio.org\/index.php?rest_route=\/wp\/v2\/posts\/2066\/revisions"}],"predecessor-version":[{"id":2076,"href":"http:\/\/noticias.centromariodionisio.org\/index.php?rest_route=\/wp\/v2\/posts\/2066\/revisions\/2076"}],"wp:attachment":[{"href":"http:\/\/noticias.centromariodionisio.org\/index.php?rest_route=%2Fwp%2Fv2%2Fmedia&parent=2066"}],"wp:term":[{"taxonomy":"category","embeddable":true,"href":"http:\/\/noticias.centromariodionisio.org\/index.php?rest_route=%2Fwp%2Fv2%2Fcategories&post=2066"},{"taxonomy":"post_tag","embeddable":true,"href":"http:\/\/noticias.centromariodionisio.org\/index.php?rest_route=%2Fwp%2Fv2%2Ftags&post=2066"}],"curies":[{"name":"wp","href":"https:\/\/api.w.org\/{rel}","templated":true}]}}