{"id":2059,"date":"2011-01-02T18:49:14","date_gmt":"2011-01-02T17:49:14","guid":{"rendered":"http:\/\/noticias.centromariodionisio.org\/?p=2059"},"modified":"2011-01-02T18:50:06","modified_gmt":"2011-01-02T17:50:06","slug":"programa-de-2%c2%aa-feira-a-paleta-e-o-mundo-e-a-primeira-projeccao-do-ciclo-cinema-e-pintura","status":"publish","type":"post","link":"http:\/\/noticias.centromariodionisio.org\/?p=2059","title":{"rendered":"Programa de 2\u00aa feira: A Paleta e o Mundo e a primeira projec\u00e7\u00e3o do Ciclo Cinema e Pintura"},"content":{"rendered":"<p style=\"text-align: left;\">Em Janeiro h\u00e1 coisas que continuam e outras que come\u00e7am.<\/p>\n<p style=\"text-align: center;\"><a href=\"http:\/\/noticias.centromariodionisio.org\/wp-content\/uploads\/SEG-3-JAN-11.jpg\"><img decoding=\"async\" loading=\"lazy\" class=\"size-large wp-image-2060    alignnone\" title=\"SEG 3 JAN 11\" src=\"http:\/\/noticias.centromariodionisio.org\/wp-content\/uploads\/SEG-3-JAN-11-659x1024.jpg\" alt=\"SEG 3 JAN 11\" width=\"395\" height=\"614\" srcset=\"http:\/\/noticias.centromariodionisio.org\/wp-content\/uploads\/SEG-3-JAN-11-659x1024.jpg 659w, http:\/\/noticias.centromariodionisio.org\/wp-content\/uploads\/SEG-3-JAN-11-193x300.jpg 193w, http:\/\/noticias.centromariodionisio.org\/wp-content\/uploads\/SEG-3-JAN-11.jpg 1416w\" sizes=\"(max-width: 395px) 100vw, 395px\" \/><\/a><\/p>\n<p style=\"text-align: left;\">Amanh\u00e3, <strong>2\u00aa feira, 3 de Janeiro,<\/strong> continua o ciclo <strong>A Paleta e o Mundo<\/strong>. <strong>Marta Caldas<\/strong> l\u00ea o cap\u00edtulo <strong>\u00abAnalisar, reconstruir\u00bb<\/strong>, do livro <em>A Paleta e o Mundo<\/em> de M\u00e1rio Dion\u00edsio, \u00e0s <strong>18h30<\/strong>. \u00c0 noite, pelas <strong>21h30<\/strong>, inicia o novo ciclo de cinema: <a href=\"http:\/\/noticias.centromariodionisio.org\/?p=2052\"><strong>Cinema e Pintura<\/strong><\/a>. Come\u00e7amos com o filme <strong><em>A vida apaixonada de van Gogh<\/em><\/strong> de <strong>Vicente Minelli <\/strong>(1956, 122 min.). Quem apresenta \u00e9 <strong>Jo\u00e3o Rodrigues<\/strong>.<\/p>\n","protected":false},"excerpt":{"rendered":"<p>Em Janeiro h\u00e1 coisas que continuam e outras que come\u00e7am. Amanh\u00e3, 2\u00aa feira, 3 de Janeiro, continua o ciclo A Paleta e o Mundo. Marta Caldas l\u00ea o cap\u00edtulo \u00abAnalisar, reconstruir\u00bb, do livro A Paleta e o Mundo de M\u00e1rio Dion\u00edsio, \u00e0s 18h30. \u00c0 noite, pelas 21h30, inicia o novo ciclo de cinema: Cinema e [&hellip;]<\/p>\n","protected":false},"author":1,"featured_media":0,"comment_status":"open","ping_status":"closed","sticky":false,"template":"","format":"standard","meta":[],"categories":[11,12],"tags":[],"_links":{"self":[{"href":"http:\/\/noticias.centromariodionisio.org\/index.php?rest_route=\/wp\/v2\/posts\/2059"}],"collection":[{"href":"http:\/\/noticias.centromariodionisio.org\/index.php?rest_route=\/wp\/v2\/posts"}],"about":[{"href":"http:\/\/noticias.centromariodionisio.org\/index.php?rest_route=\/wp\/v2\/types\/post"}],"author":[{"embeddable":true,"href":"http:\/\/noticias.centromariodionisio.org\/index.php?rest_route=\/wp\/v2\/users\/1"}],"replies":[{"embeddable":true,"href":"http:\/\/noticias.centromariodionisio.org\/index.php?rest_route=%2Fwp%2Fv2%2Fcomments&post=2059"}],"version-history":[{"count":4,"href":"http:\/\/noticias.centromariodionisio.org\/index.php?rest_route=\/wp\/v2\/posts\/2059\/revisions"}],"predecessor-version":[{"id":2064,"href":"http:\/\/noticias.centromariodionisio.org\/index.php?rest_route=\/wp\/v2\/posts\/2059\/revisions\/2064"}],"wp:attachment":[{"href":"http:\/\/noticias.centromariodionisio.org\/index.php?rest_route=%2Fwp%2Fv2%2Fmedia&parent=2059"}],"wp:term":[{"taxonomy":"category","embeddable":true,"href":"http:\/\/noticias.centromariodionisio.org\/index.php?rest_route=%2Fwp%2Fv2%2Fcategories&post=2059"},{"taxonomy":"post_tag","embeddable":true,"href":"http:\/\/noticias.centromariodionisio.org\/index.php?rest_route=%2Fwp%2Fv2%2Ftags&post=2059"}],"curies":[{"name":"wp","href":"https:\/\/api.w.org\/{rel}","templated":true}]}}