{"id":2052,"date":"2010-12-31T16:43:08","date_gmt":"2010-12-31T15:43:08","guid":{"rendered":"http:\/\/noticias.centromariodionisio.org\/?p=2052"},"modified":"2011-01-02T14:52:22","modified_gmt":"2011-01-02T13:52:22","slug":"um-novo-ciclo-de-cinema-cinema-e-pintura","status":"publish","type":"post","link":"http:\/\/noticias.centromariodionisio.org\/?p=2052","title":{"rendered":"Um novo ciclo de cinema: Cinema e Pintura"},"content":{"rendered":"<p style=\"text-align: center;\"><a href=\"http:\/\/noticias.centromariodionisio.org\/wp-content\/uploads\/Cartaz-cinema-e-pintura.jpg\"><img decoding=\"async\" loading=\"lazy\" class=\"aligncenter size-large wp-image-1986\" title=\"Cartaz cinema e pintura\" src=\"http:\/\/noticias.centromariodionisio.org\/wp-content\/uploads\/Cartaz-cinema-e-pintura-723x1024.jpg\" alt=\"Cartaz cinema e pintura\" width=\"434\" height=\"614\" srcset=\"http:\/\/noticias.centromariodionisio.org\/wp-content\/uploads\/Cartaz-cinema-e-pintura-723x1024.jpg 723w, http:\/\/noticias.centromariodionisio.org\/wp-content\/uploads\/Cartaz-cinema-e-pintura-212x300.jpg 212w, http:\/\/noticias.centromariodionisio.org\/wp-content\/uploads\/Cartaz-cinema-e-pintura.jpg 1654w\" sizes=\"(max-width: 434px) 100vw, 434px\" \/><\/a><\/p>\n<p style=\"font-size: 12px; color: #000000;\">H\u00e1 rela\u00e7\u00f5es estreitas  entre Cinema e Pintura, mesmo que n\u00e3o pensemos muito nelas. Fazer um  quadro e fazer um plano t\u00eam coisas em comum.<br \/>\nE, al\u00e9m disso, muitos filmes (e muito variados) pegam no pintar,  em pintores, em pinturas &#8211; no seu fabrico, na sua circula\u00e7\u00e3o e  utiliza\u00e7\u00e3o &#8211; como assunto.<br \/>\nEra imposs\u00edvel na Casa da Achada &#8211; Centro M\u00e1rio Dion\u00edsio n\u00e3o se  organizar um ciclo sobre Cinema e Pintura, quando M\u00e1rio Dion\u00edsio foi  pintor, escreveu sobre pintura e viu muito cinema, quando a sala onde se  projectam os filmes est\u00e1 cobertura de pinturas, quando todas as semanas  h\u00e1 no mesmo espa\u00e7o sess\u00f5es de leitura de <em>A Paleta e o Mundo<\/em>, obra muito extensa sobre pintura, escrita por M\u00e1rio Dion\u00edsio.<br \/>\nNeste primeiro ciclo (haver\u00e1 outros) apresentaremos apenas filmes  (e poderiam ser outros) com narra\u00e7\u00e3o e fic\u00e7\u00e3o, feitas das mais diversas  maneiras, ao longo de meio s\u00e9culo, uns com a pintura (e os pintores)  muito \u00e0 vista e outros menos. Para mais tarde ficar\u00e3o os document\u00e1rios.<br \/>\nPor acaso ou talvez n\u00e3o, come\u00e7amos com van Gogh e terminaremos com  ele, filmado mais de trinta anos depois e noutras terras. Van Gogh que  M\u00e1rio Dion\u00edsio descobriu nos anos 40 e sobre o qual muito escreveu.<\/p>\n<p style=\"font-size: 12px; color: #000000;\">Como sempre todos os filmes s\u00e3o apresentados e \u00e9 distribu\u00edda uma folha de sala.<\/p>\n<p style=\"font-size: 12px; color: #000000;\"><strong>Programa:<\/strong><\/p>\n<p><a href=\"http:\/\/noticias.centromariodionisio.org\/wp-content\/uploads\/Programa-Cinema-e-Pintura.JPG\"><img decoding=\"async\" loading=\"lazy\" class=\"alignnone size-large wp-image-2053\" title=\"Programa Cinema e Pintura\" src=\"http:\/\/noticias.centromariodionisio.org\/wp-content\/uploads\/Programa-Cinema-e-Pintura-1024x355.jpg\" alt=\"Programa Cinema e Pintura\" width=\"614\" height=\"213\" srcset=\"http:\/\/noticias.centromariodionisio.org\/wp-content\/uploads\/Programa-Cinema-e-Pintura-1024x355.jpg 1024w, http:\/\/noticias.centromariodionisio.org\/wp-content\/uploads\/Programa-Cinema-e-Pintura-300x104.jpg 300w\" sizes=\"(max-width: 614px) 100vw, 614px\" \/><\/a><\/p>\n<p><span><strong>Segunda-feira, 3 de Janeiro \u00e0s 21h30<br \/>\n<em>A vida apaixonada de van Gogh<\/em><\/strong><br \/>\nde Vicente Minelli (1956, 122 min.)<\/span><\/p>\n<p><strong>Segunda-feira, 10 de Janeiro \u00e0s 21h30<br \/>\n<em>Paix\u00e3o<\/em><\/strong><br \/>\nde Jean-Luc Godard (1982, 88 min.)<\/p>\n<p><strong>Segunda-feira, 17 de Janeiro \u00e0s 21h30<br \/>\n<em>Andrei Rublev<\/em><\/strong><br \/>\nde Andrei Tarkovski (1966, 165 min.)<\/p>\n<p><strong>Segunda-feira, 24 de Janeiro \u00e0s 21h30<br \/>\n<em>F for fake<\/em><\/strong><br \/>\nde Orson Welles (<em>Verdades e mentiras<\/em>, 1974, 80 min.)<\/p>\n<p><strong>Segunda-feira, 31 de Janeiro \u00e0s 21h30<\/strong><br \/>\n<em><strong>Decameron<\/strong><\/em><br \/>\nde Pier Paolo Pasolini (1974, 80 min.)<\/p>\n<p><strong>Segunda-feira, 7 de Fevereiro \u00e0s 21h30<br \/>\n<em>Cinco mulheres \u00e0 volta de Utamaro<\/em><br \/>\n<\/strong>de Kenzo Mizoguchi (1946, 106 min.)<\/p>\n<p><strong>Segunda-feira, 14 de Fevereiro \u00e0s 21h30<\/strong><br \/>\n<em><strong>Goya<\/strong><\/em><br \/>\nde Carlos Saura (1999, 107 min.)<\/p>\n<p><strong>Segunda-feira, 21 de Fevereiro \u00e0s 21h30<\/strong><br \/>\n<em><strong>L&#8217;hypoth\u00e8se du tableau vol\u00e9<\/strong><\/em><br \/>\nde Raoul Riz (1979, 66 min.)<\/p>\n<p><strong>Segunda-feira, 28 de Fevereiro \u00e0s 21h30<br \/>\n<em>O sol do marmeleiro<\/em><\/strong><br \/>\nde Victor Erice (1992, 133 min.)<\/p>\n<p><strong>Segunda-feira, 7 de Mar\u00e7o \u00e0s 21h30<br \/>\n<em>A bela impertinente<\/em><\/strong><br \/>\nde Jacques Rivette (1991, 236 min.)<\/p>\n<p><strong>Segunda-feira, 14 de Mar\u00e7o \u00e0s 21h30<br \/>\n<em>O vagabundo de Montparnasse<\/em><\/strong><br \/>\nde Jacques Becker (1958, 108 min.)<\/p>\n<p><strong>Segunda-feira, 21 de Mar\u00e7o \u00e0s 21h30<br \/>\n<em>Moulin Rouge<\/em><\/strong><br \/>\nde John Huston (1952, 119 min.)<\/p>\n<p><strong>Segunda-feira, 28 de Mar\u00e7o \u00e0s 21h30<br \/>\n<em>Life Lessons<\/em><\/strong><br \/>\nde Martin Scorsese (epis\u00f3dio de <em>Hist\u00f3rias de Nova Iorque<\/em>, 1989, 45 min.)<br \/>\n<em><strong>Corvos<\/strong><\/em><br \/>\nde Akira Kurosawa (epis\u00f3dio de <em>Sonhos<\/em>, 1989, 10 min.)<\/p>\n","protected":false},"excerpt":{"rendered":"<p>H\u00e1 rela\u00e7\u00f5es estreitas entre Cinema e Pintura, mesmo que n\u00e3o pensemos muito nelas. Fazer um quadro e fazer um plano t\u00eam coisas em comum. E, al\u00e9m disso, muitos filmes (e muito variados) pegam no pintar, em pintores, em pinturas &#8211; no seu fabrico, na sua circula\u00e7\u00e3o e utiliza\u00e7\u00e3o &#8211; como assunto. Era imposs\u00edvel na Casa [&hellip;]<\/p>\n","protected":false},"author":1,"featured_media":0,"comment_status":"open","ping_status":"closed","sticky":false,"template":"","format":"standard","meta":[],"categories":[12],"tags":[],"_links":{"self":[{"href":"http:\/\/noticias.centromariodionisio.org\/index.php?rest_route=\/wp\/v2\/posts\/2052"}],"collection":[{"href":"http:\/\/noticias.centromariodionisio.org\/index.php?rest_route=\/wp\/v2\/posts"}],"about":[{"href":"http:\/\/noticias.centromariodionisio.org\/index.php?rest_route=\/wp\/v2\/types\/post"}],"author":[{"embeddable":true,"href":"http:\/\/noticias.centromariodionisio.org\/index.php?rest_route=\/wp\/v2\/users\/1"}],"replies":[{"embeddable":true,"href":"http:\/\/noticias.centromariodionisio.org\/index.php?rest_route=%2Fwp%2Fv2%2Fcomments&post=2052"}],"version-history":[{"count":4,"href":"http:\/\/noticias.centromariodionisio.org\/index.php?rest_route=\/wp\/v2\/posts\/2052\/revisions"}],"predecessor-version":[{"id":2056,"href":"http:\/\/noticias.centromariodionisio.org\/index.php?rest_route=\/wp\/v2\/posts\/2052\/revisions\/2056"}],"wp:attachment":[{"href":"http:\/\/noticias.centromariodionisio.org\/index.php?rest_route=%2Fwp%2Fv2%2Fmedia&parent=2052"}],"wp:term":[{"taxonomy":"category","embeddable":true,"href":"http:\/\/noticias.centromariodionisio.org\/index.php?rest_route=%2Fwp%2Fv2%2Fcategories&post=2052"},{"taxonomy":"post_tag","embeddable":true,"href":"http:\/\/noticias.centromariodionisio.org\/index.php?rest_route=%2Fwp%2Fv2%2Ftags&post=2052"}],"curies":[{"name":"wp","href":"https:\/\/api.w.org\/{rel}","templated":true}]}}