{"id":162,"date":"2009-10-02T17:54:02","date_gmt":"2009-10-02T16:54:02","guid":{"rendered":"http:\/\/noticias.centromariodionisio.org\/?p=162"},"modified":"2009-11-25T18:39:04","modified_gmt":"2009-11-25T17:39:04","slug":"ciclo-a-paleta-e-o-mundo","status":"publish","type":"post","link":"http:\/\/noticias.centromariodionisio.org\/?p=162","title":{"rendered":"Ciclo A Paleta e o Mundo"},"content":{"rendered":"<div style=\"text-align: justify;\"><span style=\"font-size: x-small; font-family: Arial;\">O Ciclo <a href=\"http:\/\/www.centromariodionisio.org\/paleta_mundo_1_edicao.php\" target=\"_blank\">A Paleta e o Mundo<\/a> come\u00e7a no dia 24 de Outubro.<\/span><\/div>\n<div style=\"text-align: justify;\"><strong>Desta obra que levou mais de dez anos a escrever e que, publicada em fasc\u00edculos, deu origem a dois grossos volumes ilustrados, com arranjo gr\u00e1fico de Maria Keil, cuja publica\u00e7\u00e3o acabou em 1962, disse o autor: \u00abn\u00e3o \u00e9 uma hist\u00f3ria, n\u00e3o \u00e9 um tratado, nem se dirige a especialistas. Quereria antes ser uma longa conversa\u00bb.<\/strong><\/div>\n<div style=\"text-align: justify;\"><strong>De <em>A Paleta e o Mundo<\/em> disse Jos\u00e9-Augusto Fran\u00e7a: \u00ab\u00e9 uma proposta de cultura no dom\u00ednio das artes picturais em que a cr\u00edtica das obras e os factos biogr\u00e1ficos se encadeiam com abundantes refer\u00eancias e cita\u00e7\u00f5es de cr\u00f3nica especializada, revelando vast\u00edssima bagagem de leitura. Trabalho de largo f\u00f4lego, de uma envergadura ensa\u00edstica nunca antes pretendida nas suas quase mil p\u00e1ginas, a obra de M\u00e1rio Dion\u00edsio marca uma \u00e9poca\u00bb.<\/strong><\/div>\n<div style=\"text-align: justify;\"><strong>A primeira parte do livro coloca e discute um conjunto de quest\u00f5es sobre a Arte e a sua rela\u00e7\u00e3o com a Sociedade. Foi mais tarde publicada separadamente com o t\u00edtulo <em>Introdu\u00e7\u00e3o \u00e0 pintura<\/em>.<\/strong><\/div>\n<div style=\"text-align: justify;\"><strong>As segunda, terceira e quarta partes percorrem a pintura ocidental desde o s\u00e9culo XVIII at\u00e9 meados do s\u00e9culo XX, altura em que o livro foi escrito.<\/strong><\/div>\n<div style=\"text-align: justify;\"><strong>Existe ainda no mercado uma edi\u00e7\u00e3o em cinco volumes sem ilustra\u00e7\u00f5es, publicada no in\u00edcio dos anos 70, tamb\u00e9m pelas Publica\u00e7\u00f5es Europa-Am\u00e9rica.<\/strong><\/div>\n<div style=\"text-align: justify;\"><strong> <\/strong><\/div>\n<div style=\"text-align: justify;\"><a href=\"http:\/\/noticias.centromariodionisio.org\/wp-content\/uploads\/Cataz-ciclo-paleta.jpg\"><img decoding=\"async\" loading=\"lazy\" class=\"aligncenter size-full wp-image-166\" title=\"Cartaz ciclo paleta\" src=\"http:\/\/noticias.centromariodionisio.org\/wp-content\/uploads\/Cataz-ciclo-paleta.jpg\" alt=\"Cartaz ciclo paleta\" width=\"595\" height=\"842\" srcset=\"http:\/\/noticias.centromariodionisio.org\/wp-content\/uploads\/Cataz-ciclo-paleta.jpg 1654w, http:\/\/noticias.centromariodionisio.org\/wp-content\/uploads\/Cataz-ciclo-paleta-212x300.jpg 212w, http:\/\/noticias.centromariodionisio.org\/wp-content\/uploads\/Cataz-ciclo-paleta-723x1024.jpg 723w\" sizes=\"(max-width: 595px) 100vw, 595px\" \/><\/a><\/div>\n<div style=\"text-align: justify;\"><a href=\"http:\/\/noticias.centromariodionisio.org\/wp-content\/uploads\/Programa-Ciclo-Paleta.JPG\"><img decoding=\"async\" loading=\"lazy\" class=\"aligncenter size-large wp-image-181\" title=\"Programa Ciclo Paleta\" src=\"http:\/\/noticias.centromariodionisio.org\/wp-content\/uploads\/Programa-Ciclo-Paleta-1024x722.jpg\" alt=\"Programa Ciclo Paleta\" width=\"614\" height=\"433\" srcset=\"http:\/\/noticias.centromariodionisio.org\/wp-content\/uploads\/Programa-Ciclo-Paleta-1024x722.jpg 1024w, http:\/\/noticias.centromariodionisio.org\/wp-content\/uploads\/Programa-Ciclo-Paleta-300x211.jpg 300w\" sizes=\"(max-width: 614px) 100vw, 614px\" \/><\/a><\/div>\n","protected":false},"excerpt":{"rendered":"<p>O Ciclo A Paleta e o Mundo come\u00e7a no dia 24 de Outubro. Desta obra que levou mais de dez anos a escrever e que, publicada em fasc\u00edculos, deu origem a dois grossos volumes ilustrados, com arranjo gr\u00e1fico de Maria Keil, cuja publica\u00e7\u00e3o acabou em 1962, disse o autor: \u00abn\u00e3o \u00e9 uma hist\u00f3ria, n\u00e3o \u00e9 [&hellip;]<\/p>\n","protected":false},"author":1,"featured_media":0,"comment_status":"open","ping_status":"closed","sticky":false,"template":"","format":"standard","meta":[],"categories":[11],"tags":[],"_links":{"self":[{"href":"http:\/\/noticias.centromariodionisio.org\/index.php?rest_route=\/wp\/v2\/posts\/162"}],"collection":[{"href":"http:\/\/noticias.centromariodionisio.org\/index.php?rest_route=\/wp\/v2\/posts"}],"about":[{"href":"http:\/\/noticias.centromariodionisio.org\/index.php?rest_route=\/wp\/v2\/types\/post"}],"author":[{"embeddable":true,"href":"http:\/\/noticias.centromariodionisio.org\/index.php?rest_route=\/wp\/v2\/users\/1"}],"replies":[{"embeddable":true,"href":"http:\/\/noticias.centromariodionisio.org\/index.php?rest_route=%2Fwp%2Fv2%2Fcomments&post=162"}],"version-history":[{"count":17,"href":"http:\/\/noticias.centromariodionisio.org\/index.php?rest_route=\/wp\/v2\/posts\/162\/revisions"}],"predecessor-version":[{"id":419,"href":"http:\/\/noticias.centromariodionisio.org\/index.php?rest_route=\/wp\/v2\/posts\/162\/revisions\/419"}],"wp:attachment":[{"href":"http:\/\/noticias.centromariodionisio.org\/index.php?rest_route=%2Fwp%2Fv2%2Fmedia&parent=162"}],"wp:term":[{"taxonomy":"category","embeddable":true,"href":"http:\/\/noticias.centromariodionisio.org\/index.php?rest_route=%2Fwp%2Fv2%2Fcategories&post=162"},{"taxonomy":"post_tag","embeddable":true,"href":"http:\/\/noticias.centromariodionisio.org\/index.php?rest_route=%2Fwp%2Fv2%2Ftags&post=162"}],"curies":[{"name":"wp","href":"https:\/\/api.w.org\/{rel}","templated":true}]}}