{"id":156,"date":"2009-10-01T16:07:12","date_gmt":"2009-10-01T15:07:12","guid":{"rendered":"http:\/\/noticias.centromariodionisio.org\/?p=156"},"modified":"2009-11-25T18:38:11","modified_gmt":"2009-11-25T17:38:11","slug":"50-anos-de-pintura-e-desenho-na-casa-da-achada","status":"publish","type":"post","link":"http:\/\/noticias.centromariodionisio.org\/?p=156","title":{"rendered":"50 anos de pintura e desenho na Casa da Achada"},"content":{"rendered":"<div><span style=\"font-size: x-small; font-family: Arial;\"> <\/span><\/div>\n<div><span style=\"font-size: x-small; font-family: Arial;\">A exposi\u00e7\u00e3o inaugural da Casa da Achada &#8211; Centro M\u00e1rio Dion\u00edsio, com perto de 40 obras de <a href=\"http:\/\/www.centromariodionisio.org\/a_pintura_md.php\" target=\"_blank\">desenho e pintura de M\u00e1rio Dion\u00edsio<\/a>, muitas delas desconhecidas, e 18 obras de v\u00e1rios artistas pertencentes ao seu esp\u00f3lio,\u00a0abriu no dia 29 de Setembro.<\/span><\/div>\n<div><span style=\"font-size: x-small; font-family: Arial;\">Poder\u00e1 ser visitada at\u00e9 final de Dezembro.<\/span><\/div>\n<div><span style=\"font-size: x-small; font-family: Arial;\">O hor\u00e1rio at\u00e9 5 de Outubro ser\u00e1 o das actividades programadas\u00a0na <a href=\"http:\/\/noticias.centromariodionisio.org\/?p=95\">Semana de\u00a0Abertura <\/a>da Casa da Achada.<\/span><\/div>\n<div><span style=\"font-size: x-small; font-family: Arial;\">O hor\u00e1rio que se seguir\u00e1 ser\u00e1 anunciado brevemente.<\/span><\/div>\n<div><span style=\"font-size: x-small; font-family: Arial;\"><br \/>\n<\/span><\/div>\n<div><span style=\"font-size: x-small; font-family: Arial;\"> <\/span><\/div>\n<p><strong>Obras de M\u00e1rio Dion\u00edsio<\/strong><\/p>\n<p>1. O rapaz da guitarra<\/p>\n<p>1950, \u00f3leo, 68 x 61<\/p>\n<p>2. Reuni\u00e3o clandestina<\/p>\n<p>1947, \u00f3leo s\/ tela, 97 x 130<\/p>\n<p>3. Ribeira do Tejo<\/p>\n<p>1950-1952, tape\u00e7aria, 138 x 167<\/p>\n<p>4. O menino e a pomba<\/p>\n<p>1953, \u00f3leo s\/ tela, 130 x 97<\/p>\n<p>5.Maternidade camponesa<\/p>\n<p>1950, \u00f3leo s\/ platex, 142 x 75<\/p>\n<p>6. Do outro lado do talude<\/p>\n<p>1973, \u00f3leo s\/tela, 37 x 46<\/p>\n<p>7. Mon\u00f3logo a\u00a0 muitas vozes<\/p>\n<p>1976, \u00f3leo s\/ tela, 45 x 34<\/p>\n<p>8. Dez horas e meia da manh\u00e3 depois da chuva<\/p>\n<p>1989, acr\u00edlico s\/ platex, 52 x 45<\/p>\n<p>9. O impulso<\/p>\n<p>1988, \u00f3leo s\/ tela, 61 x 54<\/p>\n<p>10. Cabra-cega<\/p>\n<p>1989, acr\u00edlico s\/ tela, 81 x 100<\/p>\n<p>11. Sem t\u00edtulo n\u00ba1<\/p>\n<p>1991, acr\u00edlico s\/ tela, 72 x 60<\/p>\n<p>12. Paisagem deslizante<\/p>\n<p>1989, acr\u00edlico s\/ tela, 81 x 65<\/p>\n<p>13. Greenpeace<\/p>\n<p>1989, acr\u00edlico s\/ tela, 89 x 116<\/p>\n<p>14. Dia cinzento<\/p>\n<p>1989, acr\u00edlico s\/ tela, 92 x 73<\/p>\n<p>15. Sem t\u00edtulo n\u00ba 21<\/p>\n<p>1993, acr\u00edlico s\/ tela, 92 x 73<\/p>\n<p>16. Espa\u00e7o povoado<\/p>\n<p>1990, Acr\u00edlico s\/ tela, 116 x 89<\/p>\n<p>17. La joie de vivre<\/p>\n<p>1990, acr\u00edlico s\/ tela, 100 x 81<\/p>\n<p>18. Puberdade<\/p>\n<p>1991, acr\u00edlico s\/ tela, 65 x 50<\/p>\n<p>19. 19. Torvelinho<\/p>\n<p>1990, acr\u00edlico s\/ platex, 50 x 65<\/p>\n<p>20. Nasce uma\u00a0 flor de pranto<\/p>\n<p>1989, acr\u00edlico e pastel-\u00f3leo s\/ tela, ~<\/p>\n<p>116 x 89<\/p>\n<p>21. Recordando a praia<\/p>\n<p>1990, acr\u00edlico e colagem s\/ tela,<\/p>\n<p>81 x 100<\/p>\n<p>22. Recanto silvestre<\/p>\n<p>1991, acr\u00edlico s\/ tela, 100 x 100<\/p>\n<p>23. Dia de Maio \/ 1\u00ba de Maio<\/p>\n<p>1990, acr\u00edlico s\/ tela, 97 x 130<\/p>\n<p>24. Transpar\u00eancia nocturna<\/p>\n<p>1991, acr\u00edlico s\/tela, 100 x 100<\/p>\n<p>25. Ribeira do Tejo<\/p>\n<p>[1950], cart\u00e3o para tape\u00e7aria, 29,5 x 35,5<\/p>\n<p>26. 4 desenhos de 1945<\/p>\n<p>27. Maria [Let\u00edcia]<\/p>\n<p>1948, Desenho a carv\u00e3o, 36 x 28<\/p>\n<p>28. A Eduarda com seis anos<\/p>\n<p>1952, \u00f3leo sobre tela, 49 x 39<\/p>\n<p>29. [Sem t\u00edtulo]<\/p>\n<p>\u00faltimo quadro (inacabado)<\/p>\n<p>1993, acr\u00edlico s\/ tela, 90 x 100<\/p>\n<p>30. Sem t\u00edtulo n\u00ba 22 [1]<\/p>\n<p>1993, acr\u00edlico s\/ tela, 100 x 81<\/p>\n<p>31. A derrocada III<\/p>\n<p>1991, Acr\u00edlico s\/ tela, 89,5 x 116,5<\/p>\n<p>32. O regresso<\/p>\n<p>1989, acr\u00edlico s\/ tela, 92 x 73<\/p>\n<p>33. O dentro e o fora<\/p>\n<p>1989, acr\u00edlico e pastel-\u00f3leo s\/ tela,<\/p>\n<p>100 x 81<\/p>\n<p>34. [Unhais da Serra]<\/p>\n<p>1944, \u00f3leo s\/ tela, 43 x 48<\/p>\n<p><strong>Obras de artistas amigos oferecidas a M\u00e1rio Dion\u00edsio<\/strong><\/p>\n<p>a- Raul Perez<\/p>\n<p>1967, pintura s\/ papel, 15,5 x 16,5<\/p>\n<p>b- J\u00falio [Reis Pereira]<\/p>\n<p>1976, desenho a tinta da china, 26,5 x 15<\/p>\n<p>c &#8211; Avelino Cunhal<\/p>\n<p>1942, \u00f3leo s\/ madeira, 36 x 44,5<\/p>\n<p>d &#8211; Ant\u00f3nio Cunhal<\/p>\n<p>s.d. [anos 40], aguarela, 25,5 x 22<\/p>\n<p>e &#8211;\u00a0 \u00c1lvaro Cunhal<\/p>\n<p>1942, desenho a l\u00e1pis, 25 x 41<\/p>\n<p>f &#8211; Abel Salazar<\/p>\n<p>s.d., desenho a tinta da china, 20,5 x 26<\/p>\n<p>g- Manuel Ribeiro de Pavia<\/p>\n<p>s.d., desenho, 31,5 x 24<\/p>\n<p>h &#8211; Manuel Ribeiro de Pavia<\/p>\n<p>1948, desenho a tinta da china, 40 x 25<\/p>\n<p>i &#8211; J\u00falio Resende<\/p>\n<p>1977, aguarela, 69 x 49<\/p>\n<p>j &#8211; Carlos Scliar<\/p>\n<p>[Auto-retrato]<\/p>\n<p>1951, gravura (PA), 25,5 x 18,5<\/p>\n<p>k &#8211; C\u00e2ndido Portinari<\/p>\n<p>[ilustra\u00e7\u00e3o de A Selva de Ferreira de Castro]<\/p>\n<p>1955; desenho a l\u00e1pis de cera; 32 x 30<\/p>\n<p>l &#8211; J\u00falio Pomar<\/p>\n<p>[Retrato de MD]<\/p>\n<p>1950; desenho a tinta da china; 49 x 37<\/p>\n<p>m &#8211; J\u00falio Pomar<\/p>\n<p>Ribeira do Tejo \/ Ribeira<\/p>\n<p>1949, \u00f3leo s\/ madeira, 72,5 x 125<\/p>\n<p>n &#8211; Germano Santo<\/p>\n<p>Espectadores (n\u00ba 24)<\/p>\n<p>1989, acr\u00edlico e pastel s\/ cart\u00e3o, 37,5 x 29,5<\/p>\n<p>o &#8211; Carlos de Oliveira<\/p>\n<p>S.d., l\u00e1pis de cera, 42 x 30,5<\/p>\n<p>p &#8211; Maria Helena Vieira da Silva<\/p>\n<p>s.d., guache, 27 x 24,5<\/p>\n<p>publicado em Le feu qui dort de M\u00e1rio Dion\u00edsio<\/p>\n<p>q &#8211; Jos\u00e9 J\u00falio [Andrade dos Santos]<\/p>\n<p>2\u00aa varia\u00e7\u00e3o sobre um tema de Braque<\/p>\n<p>1952, \u00f3leo s\/ madeira, 61 x 80,5<\/p>\n<p>r &#8211; Manuel Filipe<\/p>\n<p>Mastros<\/p>\n<p>1968, pintura s\/ platex, 84 x 67<\/p>\n<div><span style=\"font-size: x-small; font-family: Arial;\"> <\/span><\/div>\n","protected":false},"excerpt":{"rendered":"<p>A exposi\u00e7\u00e3o inaugural da Casa da Achada &#8211; Centro M\u00e1rio Dion\u00edsio, com perto de 40 obras de desenho e pintura de M\u00e1rio Dion\u00edsio, muitas delas desconhecidas, e 18 obras de v\u00e1rios artistas pertencentes ao seu esp\u00f3lio,\u00a0abriu no dia 29 de Setembro. Poder\u00e1 ser visitada at\u00e9 final de Dezembro. O hor\u00e1rio at\u00e9 5 de Outubro ser\u00e1 [&hellip;]<\/p>\n","protected":false},"author":1,"featured_media":0,"comment_status":"open","ping_status":"closed","sticky":false,"template":"","format":"standard","meta":[],"categories":[5],"tags":[],"_links":{"self":[{"href":"http:\/\/noticias.centromariodionisio.org\/index.php?rest_route=\/wp\/v2\/posts\/156"}],"collection":[{"href":"http:\/\/noticias.centromariodionisio.org\/index.php?rest_route=\/wp\/v2\/posts"}],"about":[{"href":"http:\/\/noticias.centromariodionisio.org\/index.php?rest_route=\/wp\/v2\/types\/post"}],"author":[{"embeddable":true,"href":"http:\/\/noticias.centromariodionisio.org\/index.php?rest_route=\/wp\/v2\/users\/1"}],"replies":[{"embeddable":true,"href":"http:\/\/noticias.centromariodionisio.org\/index.php?rest_route=%2Fwp%2Fv2%2Fcomments&post=156"}],"version-history":[{"count":10,"href":"http:\/\/noticias.centromariodionisio.org\/index.php?rest_route=\/wp\/v2\/posts\/156\/revisions"}],"predecessor-version":[{"id":176,"href":"http:\/\/noticias.centromariodionisio.org\/index.php?rest_route=\/wp\/v2\/posts\/156\/revisions\/176"}],"wp:attachment":[{"href":"http:\/\/noticias.centromariodionisio.org\/index.php?rest_route=%2Fwp%2Fv2%2Fmedia&parent=156"}],"wp:term":[{"taxonomy":"category","embeddable":true,"href":"http:\/\/noticias.centromariodionisio.org\/index.php?rest_route=%2Fwp%2Fv2%2Fcategories&post=156"},{"taxonomy":"post_tag","embeddable":true,"href":"http:\/\/noticias.centromariodionisio.org\/index.php?rest_route=%2Fwp%2Fv2%2Ftags&post=156"}],"curies":[{"name":"wp","href":"https:\/\/api.w.org\/{rel}","templated":true}]}}