{"id":1082,"date":"2010-05-06T17:25:43","date_gmt":"2010-05-06T16:25:43","guid":{"rendered":"http:\/\/noticias.centromariodionisio.org\/?p=1082"},"modified":"2010-05-06T17:25:43","modified_gmt":"2010-05-06T16:25:43","slug":"a-casa-da-achada-na-feira-do-livro","status":"publish","type":"post","link":"http:\/\/noticias.centromariodionisio.org\/?p=1082","title":{"rendered":"A Casa da Achada na Feira do Livro"},"content":{"rendered":"<p>A <strong>Casa da Achada &#8211; Centro M\u00e1rio Dion\u00edsio<\/strong> esteve presente na <a href=\"http:\/\/feiradolivrodelisboa.pt\/\"><strong>Feira do Livro de Lisboa<\/strong><\/a>.<\/p>\n<p><a href=\"http:\/\/noticias.centromariodionisio.org\/wp-content\/uploads\/Feira-de-Livro-002.jpg\"><img decoding=\"async\" loading=\"lazy\" title=\"Pedro &amp; Diana\" src=\"http:\/\/noticias.centromariodionisio.org\/wp-content\/uploads\/Feira-de-Livro-002-300x225.jpg\" alt=\"Pedro &amp; Diana\" width=\"300\" height=\"225\" \/><\/a> <a href=\"http:\/\/noticias.centromariodionisio.org\/wp-content\/uploads\/Feira-de-Livro-005.jpg\"><img decoding=\"async\" loading=\"lazy\" class=\"alignnone size-medium wp-image-1084\" title=\"Eduarda Dion\u00edsio\" src=\"http:\/\/noticias.centromariodionisio.org\/wp-content\/uploads\/Feira-de-Livro-005-300x225.jpg\" alt=\"Feira de Livro 005\" width=\"300\" height=\"225\" srcset=\"http:\/\/noticias.centromariodionisio.org\/wp-content\/uploads\/Feira-de-Livro-005-300x225.jpg 300w, http:\/\/noticias.centromariodionisio.org\/wp-content\/uploads\/Feira-de-Livro-005-1024x768.jpg 1024w\" sizes=\"(max-width: 300px) 100vw, 300px\" \/><\/a><\/p>\n<p><a href=\"http:\/\/noticias.centromariodionisio.org\/wp-content\/uploads\/Feira-de-Livro-006.jpg\"><img decoding=\"async\" loading=\"lazy\" class=\"alignnone size-medium wp-image-1085\" title=\"In\u00eas Nogueira\" src=\"http:\/\/noticias.centromariodionisio.org\/wp-content\/uploads\/Feira-de-Livro-006-300x225.jpg\" alt=\"Feira de Livro 006\" width=\"300\" height=\"225\" srcset=\"http:\/\/noticias.centromariodionisio.org\/wp-content\/uploads\/Feira-de-Livro-006-300x225.jpg 300w, http:\/\/noticias.centromariodionisio.org\/wp-content\/uploads\/Feira-de-Livro-006-1024x768.jpg 1024w\" sizes=\"(max-width: 300px) 100vw, 300px\" \/><\/a> <a href=\"http:\/\/noticias.centromariodionisio.org\/wp-content\/uploads\/Feira-de-Livro-014.jpg\"><img decoding=\"async\" loading=\"lazy\" class=\"alignnone size-medium wp-image-1086\" title=\"Coro da Achada\" src=\"http:\/\/noticias.centromariodionisio.org\/wp-content\/uploads\/Feira-de-Livro-014-300x225.jpg\" alt=\"Coro da Achada\" width=\"300\" height=\"225\" srcset=\"http:\/\/noticias.centromariodionisio.org\/wp-content\/uploads\/Feira-de-Livro-014-300x225.jpg 300w, http:\/\/noticias.centromariodionisio.org\/wp-content\/uploads\/Feira-de-Livro-014-1024x768.jpg 1024w\" sizes=\"(max-width: 300px) 100vw, 300px\" \/><\/a><\/p>\n<p>O encontro realizou-se ontem pelas 18:30h na Pra\u00e7a Amarela. <strong>Eduarda Dion\u00edsio<\/strong> apresentou a Associa\u00e7\u00e3o Casa da Achada &#8211; Centro M\u00e1rio Dion\u00edsio e falou das edi\u00e7\u00f5es do centro e explicou como est\u00e1 estruturada a p\u00e1gina da  internet da associa\u00e7\u00e3o. <strong>In\u00eas Nogueira<\/strong> leu quatro textos de Regina Guimar\u00e3es sobre a pintura de M\u00e1rio Dion\u00edsio. Ainda v\u00e1rias pessoas leram poemas do escritor e pintor.<\/p>\n<p>Houve ainda duas apresenta\u00e7\u00f5es musicais: <a href=\"http:\/\/www.myspace.com\/sethmaldito\"><strong>Pedro e Diana<\/strong><\/a> e o <a href=\"http:\/\/noticias.centromariodionisio.org\/?p=642\"><strong>Coro da Achada<\/strong><\/a> cantaram m\u00fasicas com letra de M\u00e1rio Dion\u00edsio e outras.<\/p>\n","protected":false},"excerpt":{"rendered":"<p>A Casa da Achada &#8211; Centro M\u00e1rio Dion\u00edsio esteve presente na Feira do Livro de Lisboa. O encontro realizou-se ontem pelas 18:30h na Pra\u00e7a Amarela. Eduarda Dion\u00edsio apresentou a Associa\u00e7\u00e3o Casa da Achada &#8211; Centro M\u00e1rio Dion\u00edsio e falou das edi\u00e7\u00f5es do centro e explicou como est\u00e1 estruturada a p\u00e1gina da internet da associa\u00e7\u00e3o. In\u00eas [&hellip;]<\/p>\n","protected":false},"author":1,"featured_media":0,"comment_status":"open","ping_status":"closed","sticky":false,"template":"","format":"standard","meta":[],"categories":[14,1,8],"tags":[],"_links":{"self":[{"href":"http:\/\/noticias.centromariodionisio.org\/index.php?rest_route=\/wp\/v2\/posts\/1082"}],"collection":[{"href":"http:\/\/noticias.centromariodionisio.org\/index.php?rest_route=\/wp\/v2\/posts"}],"about":[{"href":"http:\/\/noticias.centromariodionisio.org\/index.php?rest_route=\/wp\/v2\/types\/post"}],"author":[{"embeddable":true,"href":"http:\/\/noticias.centromariodionisio.org\/index.php?rest_route=\/wp\/v2\/users\/1"}],"replies":[{"embeddable":true,"href":"http:\/\/noticias.centromariodionisio.org\/index.php?rest_route=%2Fwp%2Fv2%2Fcomments&post=1082"}],"version-history":[{"count":2,"href":"http:\/\/noticias.centromariodionisio.org\/index.php?rest_route=\/wp\/v2\/posts\/1082\/revisions"}],"predecessor-version":[{"id":1088,"href":"http:\/\/noticias.centromariodionisio.org\/index.php?rest_route=\/wp\/v2\/posts\/1082\/revisions\/1088"}],"wp:attachment":[{"href":"http:\/\/noticias.centromariodionisio.org\/index.php?rest_route=%2Fwp%2Fv2%2Fmedia&parent=1082"}],"wp:term":[{"taxonomy":"category","embeddable":true,"href":"http:\/\/noticias.centromariodionisio.org\/index.php?rest_route=%2Fwp%2Fv2%2Fcategories&post=1082"},{"taxonomy":"post_tag","embeddable":true,"href":"http:\/\/noticias.centromariodionisio.org\/index.php?rest_route=%2Fwp%2Fv2%2Ftags&post=1082"}],"curies":[{"name":"wp","href":"https:\/\/api.w.org\/{rel}","templated":true}]}}