{"id":1065,"date":"2010-04-30T19:57:05","date_gmt":"2010-04-30T18:57:05","guid":{"rendered":"http:\/\/noticias.centromariodionisio.org\/?p=1065"},"modified":"2010-04-30T19:57:05","modified_gmt":"2010-04-30T18:57:05","slug":"1%c2%ba-de-maio-de-1974","status":"publish","type":"post","link":"http:\/\/noticias.centromariodionisio.org\/?p=1065","title":{"rendered":"1\u00ba de Maio de 1974"},"content":{"rendered":"<p style=\"text-align: center;\"><a href=\"http:\/\/noticias.centromariodionisio.org\/wp-content\/uploads\/1\u00ba-de-Maio.jpg\"><img decoding=\"async\" loading=\"lazy\" class=\"size-full wp-image-1064 aligncenter\" title=\"1\u00ba de Maio 74\" src=\"http:\/\/noticias.centromariodionisio.org\/wp-content\/uploads\/1\u00ba-de-Maio.jpg\" alt=\"1\u00ba de Maio 74\" width=\"554\" height=\"420\" srcset=\"http:\/\/noticias.centromariodionisio.org\/wp-content\/uploads\/1\u00ba-de-Maio.jpg 840w, http:\/\/noticias.centromariodionisio.org\/wp-content\/uploads\/1\u00ba-de-Maio-300x227.jpg 300w\" sizes=\"(max-width: 554px) 100vw, 554px\" \/><\/a><\/p>\n<p style=\"text-align: justify;\"><strong>M\u00e1rio  Dion\u00edsio<br \/>\n<\/strong>Discurso  na sess\u00e3o de dinamiza\u00e7\u00e3o do  monumento ao 25 de Abril a construir pela C\u00e2mara Municipal de  Oeiras<strong><br \/>\n<\/strong><em>Not\u00edcias  da Amadora<\/em>,<strong><br \/>\n24 Fev.  1979<\/strong><\/p>\n","protected":false},"excerpt":{"rendered":"<p>M\u00e1rio Dion\u00edsio Discurso na sess\u00e3o de dinamiza\u00e7\u00e3o do monumento ao 25 de Abril a construir pela C\u00e2mara Municipal de Oeiras Not\u00edcias da Amadora, 24 Fev. 1979<\/p>\n","protected":false},"author":1,"featured_media":0,"comment_status":"open","ping_status":"closed","sticky":false,"template":"","format":"standard","meta":[],"categories":[1],"tags":[],"_links":{"self":[{"href":"http:\/\/noticias.centromariodionisio.org\/index.php?rest_route=\/wp\/v2\/posts\/1065"}],"collection":[{"href":"http:\/\/noticias.centromariodionisio.org\/index.php?rest_route=\/wp\/v2\/posts"}],"about":[{"href":"http:\/\/noticias.centromariodionisio.org\/index.php?rest_route=\/wp\/v2\/types\/post"}],"author":[{"embeddable":true,"href":"http:\/\/noticias.centromariodionisio.org\/index.php?rest_route=\/wp\/v2\/users\/1"}],"replies":[{"embeddable":true,"href":"http:\/\/noticias.centromariodionisio.org\/index.php?rest_route=%2Fwp%2Fv2%2Fcomments&post=1065"}],"version-history":[{"count":1,"href":"http:\/\/noticias.centromariodionisio.org\/index.php?rest_route=\/wp\/v2\/posts\/1065\/revisions"}],"predecessor-version":[{"id":1066,"href":"http:\/\/noticias.centromariodionisio.org\/index.php?rest_route=\/wp\/v2\/posts\/1065\/revisions\/1066"}],"wp:attachment":[{"href":"http:\/\/noticias.centromariodionisio.org\/index.php?rest_route=%2Fwp%2Fv2%2Fmedia&parent=1065"}],"wp:term":[{"taxonomy":"category","embeddable":true,"href":"http:\/\/noticias.centromariodionisio.org\/index.php?rest_route=%2Fwp%2Fv2%2Fcategories&post=1065"},{"taxonomy":"post_tag","embeddable":true,"href":"http:\/\/noticias.centromariodionisio.org\/index.php?rest_route=%2Fwp%2Fv2%2Ftags&post=1065"}],"curies":[{"name":"wp","href":"https:\/\/api.w.org\/{rel}","templated":true}]}}